{"id":25258,"date":"2025-09-30T13:18:26","date_gmt":"2025-09-30T13:18:26","guid":{"rendered":"https:\/\/sevillazonafranca.com\/?p=25258"},"modified":"2025-09-30T15:44:00","modified_gmt":"2025-09-30T15:44:00","slug":"el-ministro-jordi-hereu-defiende-una-mayor-presencia-de-los-sectores-industriales-en-el-fondo-europeo-de-competitividad","status":"publish","type":"post","link":"https:\/\/sevillazonafranca.com\/index.php\/2025\/09\/30\/el-ministro-jordi-hereu-defiende-una-mayor-presencia-de-los-sectores-industriales-en-el-fondo-europeo-de-competitividad\/","title":{"rendered":"Espa\u00f1a defiende una mayor presencia de los sectores industriales en el Fondo Europeo de Competitividad"},"content":{"rendered":"\n<h5 class=\"wp-block-heading\">El ministro Jordi Hereu considera que la industria debe aparecer m\u00e1s claramente reflejada en las ventanas tem\u00e1ticas del instrumento, con acciones espec\u00edficas relativas a la industria productiva<\/h5>\n\n\n\n<p>El ministro de Industria y Turismo, Jordi Hereu, <strong>ha defendido en Bruselas la necesidad de que el Fondo Europeo de Competitividad<\/strong> propuesto por la Comisi\u00f3n Europea para incentivar las inversiones industriales en la UE <strong>recoja instrumentos espec\u00edficos para los distintos sectores,<\/strong> como los del acero, el autom\u00f3vil o el qu\u00edmico.<\/p>\n\n\n\n<p>En la <strong>reuni\u00f3n del&nbsp;<a href=\"https:\/\/www.consilium.europa.eu\/es\/council-eu\/configurations\/compet\/\" target=\"_blank\" rel=\"noreferrer noopener\">Consejo de Competitividad<\/a>&nbsp;(COMPET),<\/strong> los Veintisiete han debatido <strong>temas importantes para el impulso a la competitividad industrial europea,<\/strong> especialmente en lo que concierne a la adaptaci\u00f3n del Fondo de Competitividad a las empresas.<\/p>\n\n\n\n<p>El Fondo Europeo de Competitividad propuesto por la Comisi\u00f3n tiene como objetivo fundamental actuar de catalizador para paliar el d\u00e9ficit de inversi\u00f3n necesario para <strong>que Europa pueda cumplir sus aspiraciones en materia de competitividad, transici\u00f3n ecol\u00f3gica, seguridad y resiliencia.<\/strong><\/p>\n\n\n\n<p>Para alcanzar los <strong>objetivos en el \u00e1mbito de la pol\u00edtica verde e industrial de Europa,<\/strong> se requieren inversiones espec\u00edficas y movilizar capital suficiente tanto por parte de los actores p\u00fablicos como privados. Por este motivo,<strong> el Fondo Europeo de Competitividad pretende utilizar todos los instrumentos financieros de la Uni\u00f3n Europea disponibles,<\/strong> y prestar un apoyo m\u00e1s eficaz y espec\u00edfico a los sectores y proyectos clave.<\/p>\n\n\n\n<h2 class=\"wp-block-heading\">Acceso \u00e1gil y sencillo a la financiaci\u00f3n<\/h2>\n\n\n\n<p>Para ello, las empresas, sobre todo pymes y empresas emergentes, deben ser capaces de <strong>acceder a la financiaci\u00f3n de manera sencilla y \u00e1gil, <\/strong>con los m\u00ednimos obst\u00e1culos administrativos.<\/p>\n\n\n\n<p>A este respecto, Jordi Hereu ha destacado que es necesario introducir un <strong>instrumento espec\u00edfico para impulsar directamente las capacidades industriales productivas,<\/strong> de manera que planes industriales como los del acero, el autom\u00f3vil o el qu\u00edmico puedan aparecer reflejados en las ventanas tem\u00e1ticas, con acciones espec\u00edficas para cada sector.<\/p>\n\n\n\n<p>Igualmente, el ministro espa\u00f1ol de Industria y Turismo cree que tambi\u00e9n podr\u00edan considerarse <strong>criterios de regionalizaci\u00f3n en materia de gobernanza,<\/strong> con el fin de asegurar un equilibrio geogr\u00e1fico y sectorial. Y ha apuntado que se podr\u00eda completar la gobernanza con un <strong>Instituto Europeo para la Industria,<\/strong> que podr\u00eda actuar tambi\u00e9n como ventanilla \u00fanica, a semejanza del Instituto Europeo para la Innovaci\u00f3n y la Tecnolog\u00eda.<\/p>\n\n\n\n<p>\u00abEn definitiva, debemos conseguir que el Fondo Europeo de Competitividad se convierta en un instrumento fundamental para hacer realidad las aspiraciones industriales y el liderazgo tecnol\u00f3gico de la Uni\u00f3n Europea\u00bb, ha se\u00f1alado.<\/p>\n\n\n\n<h2 class=\"wp-block-heading\">Declaraci\u00f3n de la Alianza de Semiconductores<\/h2>\n\n\n\n<p>Antes del COMPET, Jordi Hereu ha participado en la reuni\u00f3n de los ministros de los Estados miembros de la Alianza de Semiconductores, liderada por Pa\u00edses Bajos y con la presencia de la Comisi\u00f3n Europea, cuyo fin es fortalecer la posici\u00f3n de Europa en la industria mundial de semiconductores.<\/p>\n\n\n\n<p><strong>Los miembros de la Alianza han suscrito una Declaraci\u00f3n,<\/strong> apoyada por los 27 Estados miembros, que ha sido entregada a la Comisi\u00f3n. Dicha Declaraci\u00f3n persigue profundizar en objetivos clave de la&nbsp;<a href=\"https:\/\/commission.europa.eu\/strategy-and-policy\/priorities-2019-2024\/europe-fit-digital-age\/european-chips-act_es\" target=\"_blank\" rel=\"noreferrer noopener\">Ley de Chips de la UE,<\/a>&nbsp;que se encuentra en fase de consulta p\u00fablica, como fortalecer el ecosistema europeo; mantener y mejorar el liderazgo en puntos cr\u00edticos de la cadena de valor; y garantizar la capacidad, la estabilidad de la cadena de suministro y la autonom\u00eda tecnol\u00f3gica.<\/p>\n\n\n\n<h2 class=\"wp-block-heading\">Los semiconductores, pilar fundamental de la era digital<\/h2>\n\n\n\n<p>Hereu ha explicado que <strong>los semiconductores constituyen un pilar fundamental de la era digital,<\/strong> por lo que resulta esencial asegurar nuestra autonom\u00eda en este sector para construir una econom\u00eda europea resiliente, competitiva, pr\u00f3spera y segura. \u00abY. para lograrlo, debemos reforzar nuestro liderazgo en los segmentos de mercado donde Europa ya destaca, como los chips para automoci\u00f3n, la electr\u00f3nica de potencia y las aplicaciones industriales\u00bb, afirm\u00f3.<\/p>\n\n\n\n<p>Asimismo, el 30 de septiembre de 2025 tendr\u00e1 lugar en Bruselas una <strong>nueva reuni\u00f3n de la Alianza de Industrias Electrointensivas,<\/strong> presidida en esta ocasi\u00f3n por el ministro Hereu, que persigue <strong>afrontar los retos a los que se enfrenta la industria electrointensiva europea,<\/strong> amenazada por los altos precios energ\u00e9ticos, el riesgo de fuga de carbono, el acceso limitado a financiaci\u00f3n y la incertidumbre geopol\u00edtica.<\/p>\n\n\n\n<p>El objetivo de este tipo de reuniones es dise\u00f1ar de manera coordinada soluciones conjuntas que garanticen que las industrias europeas no se queden atr\u00e1s en un mundo globalizado y que se posicionen como l\u00edderes en la transici\u00f3n verde.<\/p>\n\n\n\n<p>Fuente: <a href=\"https:\/\/www.mintur.gob.es\/es-es\/GabinetePrensa\/NotasPrensa\/2025\/Paginas\/Hereu-defiende-sectores-industriales-tengan-mayor-presencia-en-el-fondo-europeo-competitividad-.aspx\">Ministerio de Industria y Turismo.<\/a><\/p>\n","protected":false},"excerpt":{"rendered":"<p>El ministro de Industria y Turismo, Jordi Hereu, en la foto de familia en el Fondo Europeo de Competitividad.<\/p>\n","protected":false},"author":2,"featured_media":25259,"comment_status":"closed","ping_status":"open","sticky":false,"template":"","format":"standard","meta":{"_et_pb_use_builder":"off","_et_pb_old_content":"","_et_gb_content_width":"","footnotes":""},"categories":[25],"tags":[21,22,28],"class_list":["post-25258","post","type-post","status-publish","format-standard","has-post-thumbnail","hentry","category-otras-noticias","tag-gobierno-de-espana","tag-institucional","tag-modernizacion-industrial"],"yoast_head":"<!-- This site is optimized with the Yoast SEO plugin v27.3 - https:\/\/yoast.com\/product\/yoast-seo-wordpress\/ -->\n<title>Espa\u00f1a defiende una mayor presencia de los sectores industriales en el Fondo Europeo de Competitividad - Zona Franca Sevilla<\/title>\n<meta name=\"robots\" content=\"index, follow, max-snippet:-1, max-image-preview:large, max-video-preview:-1\" \/>\n<link rel=\"canonical\" href=\"https:\/\/sevillazonafranca.com\/index.php\/2025\/09\/30\/el-ministro-jordi-hereu-defiende-una-mayor-presencia-de-los-sectores-industriales-en-el-fondo-europeo-de-competitividad\/\" \/>\n<meta property=\"og:locale\" content=\"es_ES\" \/>\n<meta property=\"og:type\" content=\"article\" \/>\n<meta property=\"og:title\" content=\"Espa\u00f1a defiende una mayor presencia de los sectores industriales en el Fondo Europeo de Competitividad - Zona Franca Sevilla\" \/>\n<meta property=\"og:description\" content=\"El ministro de Industria y Turismo, Jordi Hereu, en la foto de familia en el Fondo Europeo de Competitividad.\" \/>\n<meta property=\"og:url\" content=\"https:\/\/sevillazonafranca.com\/index.php\/2025\/09\/30\/el-ministro-jordi-hereu-defiende-una-mayor-presencia-de-los-sectores-industriales-en-el-fondo-europeo-de-competitividad\/\" \/>\n<meta property=\"og:site_name\" content=\"Zona Franca Sevilla\" \/>\n<meta property=\"article:published_time\" content=\"2025-09-30T13:18:26+00:00\" \/>\n<meta property=\"article:modified_time\" content=\"2025-09-30T15:44:00+00:00\" \/>\n<meta property=\"og:image\" content=\"https:\/\/sevillazonafranca.com\/wp-content\/uploads\/2025\/09\/290925-hereu-fondo-europeo-competitividad.jpg\" \/>\n\t<meta property=\"og:image:width\" content=\"1200\" \/>\n\t<meta property=\"og:image:height\" content=\"800\" \/>\n\t<meta property=\"og:image:type\" content=\"image\/jpeg\" \/>\n<meta name=\"author\" content=\"Zona Franca\" \/>\n<meta name=\"twitter:card\" content=\"summary_large_image\" \/>\n<meta name=\"twitter:creator\" content=\"@SevillaZF\" \/>\n<meta name=\"twitter:site\" content=\"@SevillaZF\" \/>\n<meta name=\"twitter:label1\" content=\"Escrito por\" \/>\n\t<meta name=\"twitter:data1\" content=\"Zona Franca\" \/>\n\t<meta name=\"twitter:label2\" content=\"Tiempo de lectura\" \/>\n\t<meta name=\"twitter:data2\" content=\"4 minutos\" \/>\n<script type=\"application\/ld+json\" class=\"yoast-schema-graph\">{\"@context\":\"https:\\\/\\\/schema.org\",\"@graph\":[{\"@type\":\"Article\",\"@id\":\"https:\\\/\\\/sevillazonafranca.com\\\/index.php\\\/2025\\\/09\\\/30\\\/el-ministro-jordi-hereu-defiende-una-mayor-presencia-de-los-sectores-industriales-en-el-fondo-europeo-de-competitividad\\\/#article\",\"isPartOf\":{\"@id\":\"https:\\\/\\\/sevillazonafranca.com\\\/index.php\\\/2025\\\/09\\\/30\\\/el-ministro-jordi-hereu-defiende-una-mayor-presencia-de-los-sectores-industriales-en-el-fondo-europeo-de-competitividad\\\/\"},\"author\":{\"name\":\"Zona Franca\",\"@id\":\"https:\\\/\\\/sevillazonafranca.com\\\/#\\\/schema\\\/person\\\/efc2cc63448b239287f31e620f97c1ae\"},\"headline\":\"Espa\u00f1a defiende una mayor presencia de los sectores industriales en el Fondo Europeo de Competitividad\",\"datePublished\":\"2025-09-30T13:18:26+00:00\",\"dateModified\":\"2025-09-30T15:44:00+00:00\",\"mainEntityOfPage\":{\"@id\":\"https:\\\/\\\/sevillazonafranca.com\\\/index.php\\\/2025\\\/09\\\/30\\\/el-ministro-jordi-hereu-defiende-una-mayor-presencia-de-los-sectores-industriales-en-el-fondo-europeo-de-competitividad\\\/\"},\"wordCount\":794,\"publisher\":{\"@id\":\"https:\\\/\\\/sevillazonafranca.com\\\/#organization\"},\"image\":{\"@id\":\"https:\\\/\\\/sevillazonafranca.com\\\/index.php\\\/2025\\\/09\\\/30\\\/el-ministro-jordi-hereu-defiende-una-mayor-presencia-de-los-sectores-industriales-en-el-fondo-europeo-de-competitividad\\\/#primaryimage\"},\"thumbnailUrl\":\"https:\\\/\\\/sevillazonafranca.com\\\/wp-content\\\/uploads\\\/2025\\\/09\\\/290925-hereu-fondo-europeo-competitividad.jpg\",\"keywords\":[\"gobierno de espa\u00f1a\",\"institucional\",\"modernizaci\u00f3n industrial\"],\"articleSection\":[\"Otras noticias\"],\"inLanguage\":\"es\"},{\"@type\":\"WebPage\",\"@id\":\"https:\\\/\\\/sevillazonafranca.com\\\/index.php\\\/2025\\\/09\\\/30\\\/el-ministro-jordi-hereu-defiende-una-mayor-presencia-de-los-sectores-industriales-en-el-fondo-europeo-de-competitividad\\\/\",\"url\":\"https:\\\/\\\/sevillazonafranca.com\\\/index.php\\\/2025\\\/09\\\/30\\\/el-ministro-jordi-hereu-defiende-una-mayor-presencia-de-los-sectores-industriales-en-el-fondo-europeo-de-competitividad\\\/\",\"name\":\"Espa\u00f1a defiende una mayor presencia de los sectores industriales en el Fondo Europeo de Competitividad - Zona Franca Sevilla\",\"isPartOf\":{\"@id\":\"https:\\\/\\\/sevillazonafranca.com\\\/#website\"},\"primaryImageOfPage\":{\"@id\":\"https:\\\/\\\/sevillazonafranca.com\\\/index.php\\\/2025\\\/09\\\/30\\\/el-ministro-jordi-hereu-defiende-una-mayor-presencia-de-los-sectores-industriales-en-el-fondo-europeo-de-competitividad\\\/#primaryimage\"},\"image\":{\"@id\":\"https:\\\/\\\/sevillazonafranca.com\\\/index.php\\\/2025\\\/09\\\/30\\\/el-ministro-jordi-hereu-defiende-una-mayor-presencia-de-los-sectores-industriales-en-el-fondo-europeo-de-competitividad\\\/#primaryimage\"},\"thumbnailUrl\":\"https:\\\/\\\/sevillazonafranca.com\\\/wp-content\\\/uploads\\\/2025\\\/09\\\/290925-hereu-fondo-europeo-competitividad.jpg\",\"datePublished\":\"2025-09-30T13:18:26+00:00\",\"dateModified\":\"2025-09-30T15:44:00+00:00\",\"breadcrumb\":{\"@id\":\"https:\\\/\\\/sevillazonafranca.com\\\/index.php\\\/2025\\\/09\\\/30\\\/el-ministro-jordi-hereu-defiende-una-mayor-presencia-de-los-sectores-industriales-en-el-fondo-europeo-de-competitividad\\\/#breadcrumb\"},\"inLanguage\":\"es\",\"potentialAction\":[{\"@type\":\"ReadAction\",\"target\":[\"https:\\\/\\\/sevillazonafranca.com\\\/index.php\\\/2025\\\/09\\\/30\\\/el-ministro-jordi-hereu-defiende-una-mayor-presencia-de-los-sectores-industriales-en-el-fondo-europeo-de-competitividad\\\/\"]}]},{\"@type\":\"ImageObject\",\"inLanguage\":\"es\",\"@id\":\"https:\\\/\\\/sevillazonafranca.com\\\/index.php\\\/2025\\\/09\\\/30\\\/el-ministro-jordi-hereu-defiende-una-mayor-presencia-de-los-sectores-industriales-en-el-fondo-europeo-de-competitividad\\\/#primaryimage\",\"url\":\"https:\\\/\\\/sevillazonafranca.com\\\/wp-content\\\/uploads\\\/2025\\\/09\\\/290925-hereu-fondo-europeo-competitividad.jpg\",\"contentUrl\":\"https:\\\/\\\/sevillazonafranca.com\\\/wp-content\\\/uploads\\\/2025\\\/09\\\/290925-hereu-fondo-europeo-competitividad.jpg\",\"width\":1200,\"height\":800,\"caption\":\"El ministro de Industria y Turismo, Jordi Hereu, en la foto de familia en el Fondo Europeo de Competitividad.\"},{\"@type\":\"BreadcrumbList\",\"@id\":\"https:\\\/\\\/sevillazonafranca.com\\\/index.php\\\/2025\\\/09\\\/30\\\/el-ministro-jordi-hereu-defiende-una-mayor-presencia-de-los-sectores-industriales-en-el-fondo-europeo-de-competitividad\\\/#breadcrumb\",\"itemListElement\":[{\"@type\":\"ListItem\",\"position\":1,\"name\":\"Portada\",\"item\":\"https:\\\/\\\/sevillazonafranca.com\\\/\"},{\"@type\":\"ListItem\",\"position\":2,\"name\":\"Espa\u00f1a defiende una mayor presencia de los sectores industriales en el Fondo Europeo de Competitividad\"}]},{\"@type\":\"WebSite\",\"@id\":\"https:\\\/\\\/sevillazonafranca.com\\\/#website\",\"url\":\"https:\\\/\\\/sevillazonafranca.com\\\/\",\"name\":\"Zona Franca Sevilla\",\"description\":\"Web oficial de la Zona Franca de Sevilla. Impulsamos el desarrollo industrial y econ\u00f3mico de Sevilla y su territorio metropolitano.\",\"publisher\":{\"@id\":\"https:\\\/\\\/sevillazonafranca.com\\\/#organization\"},\"potentialAction\":[{\"@type\":\"SearchAction\",\"target\":{\"@type\":\"EntryPoint\",\"urlTemplate\":\"https:\\\/\\\/sevillazonafranca.com\\\/?s={search_term_string}\"},\"query-input\":{\"@type\":\"PropertyValueSpecification\",\"valueRequired\":true,\"valueName\":\"search_term_string\"}}],\"inLanguage\":\"es\"},{\"@type\":\"Organization\",\"@id\":\"https:\\\/\\\/sevillazonafranca.com\\\/#organization\",\"name\":\"Zona Franca Sevilla\",\"url\":\"https:\\\/\\\/sevillazonafranca.com\\\/\",\"logo\":{\"@type\":\"ImageObject\",\"inLanguage\":\"es\",\"@id\":\"https:\\\/\\\/sevillazonafranca.com\\\/#\\\/schema\\\/logo\\\/image\\\/\",\"url\":\"https:\\\/\\\/sevillazonafranca.com\\\/wp-content\\\/uploads\\\/2025\\\/04\\\/zonafrancasevilla-h-01.png\",\"contentUrl\":\"https:\\\/\\\/sevillazonafranca.com\\\/wp-content\\\/uploads\\\/2025\\\/04\\\/zonafrancasevilla-h-01.png\",\"width\":1000,\"height\":239,\"caption\":\"Zona Franca Sevilla\"},\"image\":{\"@id\":\"https:\\\/\\\/sevillazonafranca.com\\\/#\\\/schema\\\/logo\\\/image\\\/\"},\"sameAs\":[\"https:\\\/\\\/x.com\\\/SevillaZF\",\"https:\\\/\\\/www.instagram.com\\\/zonafrancasevilla\\\/\",\"http:\\\/\\\/linkedin.com\\\/company\\\/zona-franca-sevilla\"]},{\"@type\":\"Person\",\"@id\":\"https:\\\/\\\/sevillazonafranca.com\\\/#\\\/schema\\\/person\\\/efc2cc63448b239287f31e620f97c1ae\",\"name\":\"Zona Franca\",\"image\":{\"@type\":\"ImageObject\",\"inLanguage\":\"es\",\"@id\":\"https:\\\/\\\/secure.gravatar.com\\\/avatar\\\/dba226fbfba1c09d733a2bfcb0880b1a37f4a7f6bcc9c068f02bf44b40da8ac6?s=96&d=mm&r=g\",\"url\":\"https:\\\/\\\/secure.gravatar.com\\\/avatar\\\/dba226fbfba1c09d733a2bfcb0880b1a37f4a7f6bcc9c068f02bf44b40da8ac6?s=96&d=mm&r=g\",\"contentUrl\":\"https:\\\/\\\/secure.gravatar.com\\\/avatar\\\/dba226fbfba1c09d733a2bfcb0880b1a37f4a7f6bcc9c068f02bf44b40da8ac6?s=96&d=mm&r=g\",\"caption\":\"Zona Franca\"},\"sameAs\":[\"http:\\\/\\\/sevillazonafranca.com\"],\"url\":\"https:\\\/\\\/sevillazonafranca.com\\\/index.php\\\/author\\\/comunicacion\\\/\"}]}<\/script>\n<!-- \/ Yoast SEO plugin. -->","yoast_head_json":{"title":"Espa\u00f1a defiende una mayor presencia de los sectores industriales en el Fondo Europeo de Competitividad - Zona Franca Sevilla","robots":{"index":"index","follow":"follow","max-snippet":"max-snippet:-1","max-image-preview":"max-image-preview:large","max-video-preview":"max-video-preview:-1"},"canonical":"https:\/\/sevillazonafranca.com\/index.php\/2025\/09\/30\/el-ministro-jordi-hereu-defiende-una-mayor-presencia-de-los-sectores-industriales-en-el-fondo-europeo-de-competitividad\/","og_locale":"es_ES","og_type":"article","og_title":"Espa\u00f1a defiende una mayor presencia de los sectores industriales en el Fondo Europeo de Competitividad - Zona Franca Sevilla","og_description":"El ministro de Industria y Turismo, Jordi Hereu, en la foto de familia en el Fondo Europeo de Competitividad.","og_url":"https:\/\/sevillazonafranca.com\/index.php\/2025\/09\/30\/el-ministro-jordi-hereu-defiende-una-mayor-presencia-de-los-sectores-industriales-en-el-fondo-europeo-de-competitividad\/","og_site_name":"Zona Franca Sevilla","article_published_time":"2025-09-30T13:18:26+00:00","article_modified_time":"2025-09-30T15:44:00+00:00","og_image":[{"width":1200,"height":800,"url":"https:\/\/sevillazonafranca.com\/wp-content\/uploads\/2025\/09\/290925-hereu-fondo-europeo-competitividad.jpg","type":"image\/jpeg"}],"author":"Zona Franca","twitter_card":"summary_large_image","twitter_creator":"@SevillaZF","twitter_site":"@SevillaZF","twitter_misc":{"Escrito por":"Zona Franca","Tiempo de lectura":"4 minutos"},"schema":{"@context":"https:\/\/schema.org","@graph":[{"@type":"Article","@id":"https:\/\/sevillazonafranca.com\/index.php\/2025\/09\/30\/el-ministro-jordi-hereu-defiende-una-mayor-presencia-de-los-sectores-industriales-en-el-fondo-europeo-de-competitividad\/#article","isPartOf":{"@id":"https:\/\/sevillazonafranca.com\/index.php\/2025\/09\/30\/el-ministro-jordi-hereu-defiende-una-mayor-presencia-de-los-sectores-industriales-en-el-fondo-europeo-de-competitividad\/"},"author":{"name":"Zona Franca","@id":"https:\/\/sevillazonafranca.com\/#\/schema\/person\/efc2cc63448b239287f31e620f97c1ae"},"headline":"Espa\u00f1a defiende una mayor presencia de los sectores industriales en el Fondo Europeo de Competitividad","datePublished":"2025-09-30T13:18:26+00:00","dateModified":"2025-09-30T15:44:00+00:00","mainEntityOfPage":{"@id":"https:\/\/sevillazonafranca.com\/index.php\/2025\/09\/30\/el-ministro-jordi-hereu-defiende-una-mayor-presencia-de-los-sectores-industriales-en-el-fondo-europeo-de-competitividad\/"},"wordCount":794,"publisher":{"@id":"https:\/\/sevillazonafranca.com\/#organization"},"image":{"@id":"https:\/\/sevillazonafranca.com\/index.php\/2025\/09\/30\/el-ministro-jordi-hereu-defiende-una-mayor-presencia-de-los-sectores-industriales-en-el-fondo-europeo-de-competitividad\/#primaryimage"},"thumbnailUrl":"https:\/\/sevillazonafranca.com\/wp-content\/uploads\/2025\/09\/290925-hereu-fondo-europeo-competitividad.jpg","keywords":["gobierno de espa\u00f1a","institucional","modernizaci\u00f3n industrial"],"articleSection":["Otras noticias"],"inLanguage":"es"},{"@type":"WebPage","@id":"https:\/\/sevillazonafranca.com\/index.php\/2025\/09\/30\/el-ministro-jordi-hereu-defiende-una-mayor-presencia-de-los-sectores-industriales-en-el-fondo-europeo-de-competitividad\/","url":"https:\/\/sevillazonafranca.com\/index.php\/2025\/09\/30\/el-ministro-jordi-hereu-defiende-una-mayor-presencia-de-los-sectores-industriales-en-el-fondo-europeo-de-competitividad\/","name":"Espa\u00f1a defiende una mayor presencia de los sectores industriales en el Fondo Europeo de Competitividad - Zona Franca Sevilla","isPartOf":{"@id":"https:\/\/sevillazonafranca.com\/#website"},"primaryImageOfPage":{"@id":"https:\/\/sevillazonafranca.com\/index.php\/2025\/09\/30\/el-ministro-jordi-hereu-defiende-una-mayor-presencia-de-los-sectores-industriales-en-el-fondo-europeo-de-competitividad\/#primaryimage"},"image":{"@id":"https:\/\/sevillazonafranca.com\/index.php\/2025\/09\/30\/el-ministro-jordi-hereu-defiende-una-mayor-presencia-de-los-sectores-industriales-en-el-fondo-europeo-de-competitividad\/#primaryimage"},"thumbnailUrl":"https:\/\/sevillazonafranca.com\/wp-content\/uploads\/2025\/09\/290925-hereu-fondo-europeo-competitividad.jpg","datePublished":"2025-09-30T13:18:26+00:00","dateModified":"2025-09-30T15:44:00+00:00","breadcrumb":{"@id":"https:\/\/sevillazonafranca.com\/index.php\/2025\/09\/30\/el-ministro-jordi-hereu-defiende-una-mayor-presencia-de-los-sectores-industriales-en-el-fondo-europeo-de-competitividad\/#breadcrumb"},"inLanguage":"es","potentialAction":[{"@type":"ReadAction","target":["https:\/\/sevillazonafranca.com\/index.php\/2025\/09\/30\/el-ministro-jordi-hereu-defiende-una-mayor-presencia-de-los-sectores-industriales-en-el-fondo-europeo-de-competitividad\/"]}]},{"@type":"ImageObject","inLanguage":"es","@id":"https:\/\/sevillazonafranca.com\/index.php\/2025\/09\/30\/el-ministro-jordi-hereu-defiende-una-mayor-presencia-de-los-sectores-industriales-en-el-fondo-europeo-de-competitividad\/#primaryimage","url":"https:\/\/sevillazonafranca.com\/wp-content\/uploads\/2025\/09\/290925-hereu-fondo-europeo-competitividad.jpg","contentUrl":"https:\/\/sevillazonafranca.com\/wp-content\/uploads\/2025\/09\/290925-hereu-fondo-europeo-competitividad.jpg","width":1200,"height":800,"caption":"El ministro de Industria y Turismo, Jordi Hereu, en la foto de familia en el Fondo Europeo de Competitividad."},{"@type":"BreadcrumbList","@id":"https:\/\/sevillazonafranca.com\/index.php\/2025\/09\/30\/el-ministro-jordi-hereu-defiende-una-mayor-presencia-de-los-sectores-industriales-en-el-fondo-europeo-de-competitividad\/#breadcrumb","itemListElement":[{"@type":"ListItem","position":1,"name":"Portada","item":"https:\/\/sevillazonafranca.com\/"},{"@type":"ListItem","position":2,"name":"Espa\u00f1a defiende una mayor presencia de los sectores industriales en el Fondo Europeo de Competitividad"}]},{"@type":"WebSite","@id":"https:\/\/sevillazonafranca.com\/#website","url":"https:\/\/sevillazonafranca.com\/","name":"Zona Franca Sevilla","description":"Web oficial de la Zona Franca de Sevilla. Impulsamos el desarrollo industrial y econ\u00f3mico de Sevilla y su territorio metropolitano.","publisher":{"@id":"https:\/\/sevillazonafranca.com\/#organization"},"potentialAction":[{"@type":"SearchAction","target":{"@type":"EntryPoint","urlTemplate":"https:\/\/sevillazonafranca.com\/?s={search_term_string}"},"query-input":{"@type":"PropertyValueSpecification","valueRequired":true,"valueName":"search_term_string"}}],"inLanguage":"es"},{"@type":"Organization","@id":"https:\/\/sevillazonafranca.com\/#organization","name":"Zona Franca Sevilla","url":"https:\/\/sevillazonafranca.com\/","logo":{"@type":"ImageObject","inLanguage":"es","@id":"https:\/\/sevillazonafranca.com\/#\/schema\/logo\/image\/","url":"https:\/\/sevillazonafranca.com\/wp-content\/uploads\/2025\/04\/zonafrancasevilla-h-01.png","contentUrl":"https:\/\/sevillazonafranca.com\/wp-content\/uploads\/2025\/04\/zonafrancasevilla-h-01.png","width":1000,"height":239,"caption":"Zona Franca Sevilla"},"image":{"@id":"https:\/\/sevillazonafranca.com\/#\/schema\/logo\/image\/"},"sameAs":["https:\/\/x.com\/SevillaZF","https:\/\/www.instagram.com\/zonafrancasevilla\/","http:\/\/linkedin.com\/company\/zona-franca-sevilla"]},{"@type":"Person","@id":"https:\/\/sevillazonafranca.com\/#\/schema\/person\/efc2cc63448b239287f31e620f97c1ae","name":"Zona Franca","image":{"@type":"ImageObject","inLanguage":"es","@id":"https:\/\/secure.gravatar.com\/avatar\/dba226fbfba1c09d733a2bfcb0880b1a37f4a7f6bcc9c068f02bf44b40da8ac6?s=96&d=mm&r=g","url":"https:\/\/secure.gravatar.com\/avatar\/dba226fbfba1c09d733a2bfcb0880b1a37f4a7f6bcc9c068f02bf44b40da8ac6?s=96&d=mm&r=g","contentUrl":"https:\/\/secure.gravatar.com\/avatar\/dba226fbfba1c09d733a2bfcb0880b1a37f4a7f6bcc9c068f02bf44b40da8ac6?s=96&d=mm&r=g","caption":"Zona Franca"},"sameAs":["http:\/\/sevillazonafranca.com"],"url":"https:\/\/sevillazonafranca.com\/index.php\/author\/comunicacion\/"}]}},"_links":{"self":[{"href":"https:\/\/sevillazonafranca.com\/index.php\/wp-json\/wp\/v2\/posts\/25258","targetHints":{"allow":["GET"]}}],"collection":[{"href":"https:\/\/sevillazonafranca.com\/index.php\/wp-json\/wp\/v2\/posts"}],"about":[{"href":"https:\/\/sevillazonafranca.com\/index.php\/wp-json\/wp\/v2\/types\/post"}],"author":[{"embeddable":true,"href":"https:\/\/sevillazonafranca.com\/index.php\/wp-json\/wp\/v2\/users\/2"}],"replies":[{"embeddable":true,"href":"https:\/\/sevillazonafranca.com\/index.php\/wp-json\/wp\/v2\/comments?post=25258"}],"version-history":[{"count":3,"href":"https:\/\/sevillazonafranca.com\/index.php\/wp-json\/wp\/v2\/posts\/25258\/revisions"}],"predecessor-version":[{"id":25263,"href":"https:\/\/sevillazonafranca.com\/index.php\/wp-json\/wp\/v2\/posts\/25258\/revisions\/25263"}],"wp:featuredmedia":[{"embeddable":true,"href":"https:\/\/sevillazonafranca.com\/index.php\/wp-json\/wp\/v2\/media\/25259"}],"wp:attachment":[{"href":"https:\/\/sevillazonafranca.com\/index.php\/wp-json\/wp\/v2\/media?parent=25258"}],"wp:term":[{"taxonomy":"category","embeddable":true,"href":"https:\/\/sevillazonafranca.com\/index.php\/wp-json\/wp\/v2\/categories?post=25258"},{"taxonomy":"post_tag","embeddable":true,"href":"https:\/\/sevillazonafranca.com\/index.php\/wp-json\/wp\/v2\/tags?post=25258"}],"curies":[{"name":"wp","href":"https:\/\/api.w.org\/{rel}","templated":true}]}}