{"id":25382,"date":"2025-10-20T15:41:00","date_gmt":"2025-10-20T13:41:00","guid":{"rendered":"https:\/\/sevillazonafranca.com\/?p=25382"},"modified":"2025-10-20T17:54:09","modified_gmt":"2025-10-20T15:54:09","slug":"la-zona-franca-de-sevilla-se-asocia-con-la-ces-para-fortalecer-el-tejido-empresarial","status":"publish","type":"post","link":"https:\/\/sevillazonafranca.com\/index.php\/2025\/10\/20\/la-zona-franca-de-sevilla-se-asocia-con-la-ces-para-fortalecer-el-tejido-empresarial\/","title":{"rendered":"La Zona Franca de Sevilla se asocia con la CES para fortalecer el tejido empresarial"},"content":{"rendered":"\n<p><\/p>\n\n\n\n<p>La delegada del Estado para la <strong>Zona Franca de Sevilla,<\/strong> Carmen Tovar, y el presidente de la <strong>Confederaci\u00f3n Empresarial de Sevilla<\/strong> (CES), Miguel Rus, han firmado un acuerdo de<strong> colaboraci\u00f3n para impulsar la competitividad y el crecimiento del tejido empresarial<\/strong> sevillano.<\/p>\n\n\n\n<p>Durante el acto, <strong>Carmen Tovar<\/strong> destac\u00f3 los retos y oportunidades que afronta la Zona Franca, subrayando su <strong>papel estrat\u00e9gico en la atracci\u00f3n de inversiones y el \u201cafianzamiento de la marca Sevilla como un referente econ\u00f3mico\u201d<\/strong>. Tambi\u00e9n puso en valor la labor de las compa\u00f1\u00edas que ya operan en el recinto, a las que calific\u00f3 como \u201cejemplo de innovaci\u00f3n, compromiso y capacidad de adaptaci\u00f3n\u201d.<\/p>\n\n\n\n<p>Por su parte, <strong>Miguel Rus<\/strong> resalt\u00f3 la importancia de esta alianza entre instituciones que comparten un mismo objetivo: <strong>favorecer el desarrollo econ\u00f3mico de Sevilla y su provincia.<\/strong> \u201cQueremos que la Zona Franca se consolide como un enclave empresarial de referencia, capaz de atraer nuevas iniciativas y de impulsar el crecimiento de las que ya est\u00e1n en marcha\u201d, afirm\u00f3.<\/p>\n\n\n\n<p><\/p>\n\n\n\n<figure class=\"wp-block-gallery has-nested-images columns-default is-cropped wp-block-gallery-1 is-layout-flex wp-block-gallery-is-layout-flex\">\n<figure class=\"wp-block-image size-large\"><img loading=\"lazy\" decoding=\"async\" width=\"1024\" height=\"754\" data-id=\"25385\" src=\"https:\/\/sevillazonafranca.com\/wp-content\/uploads\/2025\/10\/251020_Adhesion_ZFS_CES2-1024x754.jpg\" alt=\"\" class=\"wp-image-25385\" srcset=\"https:\/\/sevillazonafranca.com\/wp-content\/uploads\/2025\/10\/251020_Adhesion_ZFS_CES2-980x722.jpg 980w, https:\/\/sevillazonafranca.com\/wp-content\/uploads\/2025\/10\/251020_Adhesion_ZFS_CES2-480x353.jpg 480w\" sizes=\"(min-width: 0px) and (max-width: 480px) 480px, (min-width: 481px) and (max-width: 980px) 980px, (min-width: 981px) 1024px, 100vw\" \/><\/figure>\n\n\n\n<figure class=\"wp-block-image size-large\"><img loading=\"lazy\" decoding=\"async\" width=\"1024\" height=\"768\" data-id=\"25386\" src=\"https:\/\/sevillazonafranca.com\/wp-content\/uploads\/2025\/10\/251020_Adhesion_ZFS_CES3-1024x768.jpg\" alt=\"\" class=\"wp-image-25386\" srcset=\"https:\/\/sevillazonafranca.com\/wp-content\/uploads\/2025\/10\/251020_Adhesion_ZFS_CES3-980x735.jpg 980w, https:\/\/sevillazonafranca.com\/wp-content\/uploads\/2025\/10\/251020_Adhesion_ZFS_CES3-480x360.jpg 480w\" sizes=\"(min-width: 0px) and (max-width: 480px) 480px, (min-width: 481px) and (max-width: 980px) 980px, (min-width: 981px) 1024px, 100vw\" \/><\/figure>\n<\/figure>\n\n\n\n<p><\/p>\n\n\n\n<p>Ambas entidades <strong>se han comprometido a mantener una colaboraci\u00f3n constante y a desarrollar proyectos conjuntos<\/strong> orientados a la promoci\u00f3n del tejido empresarial, la captaci\u00f3n de inversi\u00f3n y la mejora de la proyecci\u00f3n internacional de Sevilla. <\/p>\n\n\n\n<p>Finalmente, este acuerdo <strong>refuerza la apuesta com\u00fan de ambas entidades<\/strong> por situar a la ciudad como <strong>referente en el \u00e1mbito aduanero y log\u00edstico,<\/strong> consolidando su posicionamiento como un espacio atractivo para la implantaci\u00f3n y expansi\u00f3n de nuevas empresas.<\/p>\n\n\n\n<p><\/p>\n","protected":false},"excerpt":{"rendered":"<p>La Zona Franca de Sevilla y la Confederaci\u00f3n Empresarial de Sevilla se han comprometido a mantener una colaboraci\u00f3n constante y a desarrollar proyectos conjuntos orientados a la promoci\u00f3n del tejido empresarial, la captaci\u00f3n de inversiones y la mejora de la proyecci\u00f3n internacional de la ciudad y su provincia<\/p>\n","protected":false},"author":2,"featured_media":25383,"comment_status":"closed","ping_status":"open","sticky":false,"template":"","format":"standard","meta":{"_et_pb_use_builder":"off","_et_pb_old_content":"","_et_gb_content_width":"","footnotes":""},"categories":[8],"tags":[18,16,15],"class_list":["post-25382","post","type-post","status-publish","format-standard","has-post-thumbnail","hentry","category-actualidad","tag-alianzas-estrategicas","tag-impulso-economico","tag-zona-franca-sevilla"],"yoast_head":"<!-- This site is optimized with the Yoast SEO plugin v27.3 - https:\/\/yoast.com\/product\/yoast-seo-wordpress\/ -->\n<title>La Zona Franca de Sevilla se asocia con la CES para fortalecer el tejido empresarial - Zona Franca Sevilla<\/title>\n<meta name=\"robots\" content=\"index, follow, max-snippet:-1, max-image-preview:large, max-video-preview:-1\" \/>\n<link rel=\"canonical\" href=\"https:\/\/sevillazonafranca.com\/index.php\/2025\/10\/20\/la-zona-franca-de-sevilla-se-asocia-con-la-ces-para-fortalecer-el-tejido-empresarial\/\" \/>\n<meta property=\"og:locale\" content=\"es_ES\" \/>\n<meta property=\"og:type\" content=\"article\" \/>\n<meta property=\"og:title\" content=\"La Zona Franca de Sevilla se asocia con la CES para fortalecer el tejido empresarial - Zona Franca Sevilla\" \/>\n<meta property=\"og:description\" content=\"La Zona Franca de Sevilla y la Confederaci\u00f3n Empresarial de Sevilla se han comprometido a mantener una colaboraci\u00f3n constante y a desarrollar proyectos conjuntos orientados a la promoci\u00f3n del tejido empresarial, la captaci\u00f3n de inversiones y la mejora de la proyecci\u00f3n internacional de la ciudad y su provincia\" \/>\n<meta property=\"og:url\" content=\"https:\/\/sevillazonafranca.com\/index.php\/2025\/10\/20\/la-zona-franca-de-sevilla-se-asocia-con-la-ces-para-fortalecer-el-tejido-empresarial\/\" \/>\n<meta property=\"og:site_name\" content=\"Zona Franca Sevilla\" \/>\n<meta property=\"article:published_time\" content=\"2025-10-20T13:41:00+00:00\" \/>\n<meta property=\"article:modified_time\" content=\"2025-10-20T15:54:09+00:00\" \/>\n<meta property=\"og:image\" content=\"https:\/\/sevillazonafranca.com\/wp-content\/uploads\/2025\/10\/251020_Adhesion_ZFS_CES1.jpg\" \/>\n\t<meta property=\"og:image:width\" content=\"1600\" \/>\n\t<meta property=\"og:image:height\" content=\"1293\" \/>\n\t<meta property=\"og:image:type\" content=\"image\/jpeg\" \/>\n<meta name=\"author\" content=\"Zona Franca\" \/>\n<meta name=\"twitter:card\" content=\"summary_large_image\" \/>\n<meta name=\"twitter:creator\" content=\"@SevillaZF\" \/>\n<meta name=\"twitter:site\" content=\"@SevillaZF\" \/>\n<meta name=\"twitter:label1\" content=\"Escrito por\" \/>\n\t<meta name=\"twitter:data1\" content=\"Zona Franca\" \/>\n\t<meta name=\"twitter:label2\" content=\"Tiempo de lectura\" \/>\n\t<meta name=\"twitter:data2\" content=\"2 minutos\" \/>\n<script type=\"application\/ld+json\" class=\"yoast-schema-graph\">{\"@context\":\"https:\\\/\\\/schema.org\",\"@graph\":[{\"@type\":\"Article\",\"@id\":\"https:\\\/\\\/sevillazonafranca.com\\\/index.php\\\/2025\\\/10\\\/20\\\/la-zona-franca-de-sevilla-se-asocia-con-la-ces-para-fortalecer-el-tejido-empresarial\\\/#article\",\"isPartOf\":{\"@id\":\"https:\\\/\\\/sevillazonafranca.com\\\/index.php\\\/2025\\\/10\\\/20\\\/la-zona-franca-de-sevilla-se-asocia-con-la-ces-para-fortalecer-el-tejido-empresarial\\\/\"},\"author\":{\"name\":\"Zona Franca\",\"@id\":\"https:\\\/\\\/sevillazonafranca.com\\\/#\\\/schema\\\/person\\\/efc2cc63448b239287f31e620f97c1ae\"},\"headline\":\"La Zona Franca de Sevilla se asocia con la CES para fortalecer el tejido empresarial\",\"datePublished\":\"2025-10-20T13:41:00+00:00\",\"dateModified\":\"2025-10-20T15:54:09+00:00\",\"mainEntityOfPage\":{\"@id\":\"https:\\\/\\\/sevillazonafranca.com\\\/index.php\\\/2025\\\/10\\\/20\\\/la-zona-franca-de-sevilla-se-asocia-con-la-ces-para-fortalecer-el-tejido-empresarial\\\/\"},\"wordCount\":270,\"publisher\":{\"@id\":\"https:\\\/\\\/sevillazonafranca.com\\\/#organization\"},\"image\":{\"@id\":\"https:\\\/\\\/sevillazonafranca.com\\\/index.php\\\/2025\\\/10\\\/20\\\/la-zona-franca-de-sevilla-se-asocia-con-la-ces-para-fortalecer-el-tejido-empresarial\\\/#primaryimage\"},\"thumbnailUrl\":\"https:\\\/\\\/sevillazonafranca.com\\\/wp-content\\\/uploads\\\/2025\\\/10\\\/251020_Adhesion_ZFS_CES1.jpg\",\"keywords\":[\"alianzas estrat\u00e9gicas\",\"impulso econ\u00f3mico\",\"zona franca sevilla\"],\"articleSection\":[\"Actualidad ZFS\"],\"inLanguage\":\"es\"},{\"@type\":\"WebPage\",\"@id\":\"https:\\\/\\\/sevillazonafranca.com\\\/index.php\\\/2025\\\/10\\\/20\\\/la-zona-franca-de-sevilla-se-asocia-con-la-ces-para-fortalecer-el-tejido-empresarial\\\/\",\"url\":\"https:\\\/\\\/sevillazonafranca.com\\\/index.php\\\/2025\\\/10\\\/20\\\/la-zona-franca-de-sevilla-se-asocia-con-la-ces-para-fortalecer-el-tejido-empresarial\\\/\",\"name\":\"La Zona Franca de Sevilla se asocia con la CES para fortalecer el tejido empresarial - Zona Franca Sevilla\",\"isPartOf\":{\"@id\":\"https:\\\/\\\/sevillazonafranca.com\\\/#website\"},\"primaryImageOfPage\":{\"@id\":\"https:\\\/\\\/sevillazonafranca.com\\\/index.php\\\/2025\\\/10\\\/20\\\/la-zona-franca-de-sevilla-se-asocia-con-la-ces-para-fortalecer-el-tejido-empresarial\\\/#primaryimage\"},\"image\":{\"@id\":\"https:\\\/\\\/sevillazonafranca.com\\\/index.php\\\/2025\\\/10\\\/20\\\/la-zona-franca-de-sevilla-se-asocia-con-la-ces-para-fortalecer-el-tejido-empresarial\\\/#primaryimage\"},\"thumbnailUrl\":\"https:\\\/\\\/sevillazonafranca.com\\\/wp-content\\\/uploads\\\/2025\\\/10\\\/251020_Adhesion_ZFS_CES1.jpg\",\"datePublished\":\"2025-10-20T13:41:00+00:00\",\"dateModified\":\"2025-10-20T15:54:09+00:00\",\"breadcrumb\":{\"@id\":\"https:\\\/\\\/sevillazonafranca.com\\\/index.php\\\/2025\\\/10\\\/20\\\/la-zona-franca-de-sevilla-se-asocia-con-la-ces-para-fortalecer-el-tejido-empresarial\\\/#breadcrumb\"},\"inLanguage\":\"es\",\"potentialAction\":[{\"@type\":\"ReadAction\",\"target\":[\"https:\\\/\\\/sevillazonafranca.com\\\/index.php\\\/2025\\\/10\\\/20\\\/la-zona-franca-de-sevilla-se-asocia-con-la-ces-para-fortalecer-el-tejido-empresarial\\\/\"]}]},{\"@type\":\"ImageObject\",\"inLanguage\":\"es\",\"@id\":\"https:\\\/\\\/sevillazonafranca.com\\\/index.php\\\/2025\\\/10\\\/20\\\/la-zona-franca-de-sevilla-se-asocia-con-la-ces-para-fortalecer-el-tejido-empresarial\\\/#primaryimage\",\"url\":\"https:\\\/\\\/sevillazonafranca.com\\\/wp-content\\\/uploads\\\/2025\\\/10\\\/251020_Adhesion_ZFS_CES1.jpg\",\"contentUrl\":\"https:\\\/\\\/sevillazonafranca.com\\\/wp-content\\\/uploads\\\/2025\\\/10\\\/251020_Adhesion_ZFS_CES1.jpg\",\"width\":1600,\"height\":1293,\"caption\":\"La delegada del Estado para la Zona Franca de Sevilla, Carmen Tovar, y el presidente de la Confederaci\u00f3n Empresarial de Sevilla (CES), Miguel Rus\"},{\"@type\":\"BreadcrumbList\",\"@id\":\"https:\\\/\\\/sevillazonafranca.com\\\/index.php\\\/2025\\\/10\\\/20\\\/la-zona-franca-de-sevilla-se-asocia-con-la-ces-para-fortalecer-el-tejido-empresarial\\\/#breadcrumb\",\"itemListElement\":[{\"@type\":\"ListItem\",\"position\":1,\"name\":\"Portada\",\"item\":\"https:\\\/\\\/sevillazonafranca.com\\\/\"},{\"@type\":\"ListItem\",\"position\":2,\"name\":\"La Zona Franca de Sevilla se asocia con la CES para fortalecer el tejido empresarial\"}]},{\"@type\":\"WebSite\",\"@id\":\"https:\\\/\\\/sevillazonafranca.com\\\/#website\",\"url\":\"https:\\\/\\\/sevillazonafranca.com\\\/\",\"name\":\"Zona Franca Sevilla\",\"description\":\"Web oficial de la Zona Franca de Sevilla. Impulsamos el desarrollo industrial y econ\u00f3mico de Sevilla y su territorio metropolitano.\",\"publisher\":{\"@id\":\"https:\\\/\\\/sevillazonafranca.com\\\/#organization\"},\"potentialAction\":[{\"@type\":\"SearchAction\",\"target\":{\"@type\":\"EntryPoint\",\"urlTemplate\":\"https:\\\/\\\/sevillazonafranca.com\\\/?s={search_term_string}\"},\"query-input\":{\"@type\":\"PropertyValueSpecification\",\"valueRequired\":true,\"valueName\":\"search_term_string\"}}],\"inLanguage\":\"es\"},{\"@type\":\"Organization\",\"@id\":\"https:\\\/\\\/sevillazonafranca.com\\\/#organization\",\"name\":\"Zona Franca Sevilla\",\"url\":\"https:\\\/\\\/sevillazonafranca.com\\\/\",\"logo\":{\"@type\":\"ImageObject\",\"inLanguage\":\"es\",\"@id\":\"https:\\\/\\\/sevillazonafranca.com\\\/#\\\/schema\\\/logo\\\/image\\\/\",\"url\":\"https:\\\/\\\/sevillazonafranca.com\\\/wp-content\\\/uploads\\\/2025\\\/04\\\/zonafrancasevilla-h-01.png\",\"contentUrl\":\"https:\\\/\\\/sevillazonafranca.com\\\/wp-content\\\/uploads\\\/2025\\\/04\\\/zonafrancasevilla-h-01.png\",\"width\":1000,\"height\":239,\"caption\":\"Zona Franca Sevilla\"},\"image\":{\"@id\":\"https:\\\/\\\/sevillazonafranca.com\\\/#\\\/schema\\\/logo\\\/image\\\/\"},\"sameAs\":[\"https:\\\/\\\/x.com\\\/SevillaZF\",\"https:\\\/\\\/www.instagram.com\\\/zonafrancasevilla\\\/\",\"http:\\\/\\\/linkedin.com\\\/company\\\/zona-franca-sevilla\"]},{\"@type\":\"Person\",\"@id\":\"https:\\\/\\\/sevillazonafranca.com\\\/#\\\/schema\\\/person\\\/efc2cc63448b239287f31e620f97c1ae\",\"name\":\"Zona Franca\",\"image\":{\"@type\":\"ImageObject\",\"inLanguage\":\"es\",\"@id\":\"https:\\\/\\\/secure.gravatar.com\\\/avatar\\\/dba226fbfba1c09d733a2bfcb0880b1a37f4a7f6bcc9c068f02bf44b40da8ac6?s=96&d=mm&r=g\",\"url\":\"https:\\\/\\\/secure.gravatar.com\\\/avatar\\\/dba226fbfba1c09d733a2bfcb0880b1a37f4a7f6bcc9c068f02bf44b40da8ac6?s=96&d=mm&r=g\",\"contentUrl\":\"https:\\\/\\\/secure.gravatar.com\\\/avatar\\\/dba226fbfba1c09d733a2bfcb0880b1a37f4a7f6bcc9c068f02bf44b40da8ac6?s=96&d=mm&r=g\",\"caption\":\"Zona Franca\"},\"sameAs\":[\"http:\\\/\\\/sevillazonafranca.com\"],\"url\":\"https:\\\/\\\/sevillazonafranca.com\\\/index.php\\\/author\\\/comunicacion\\\/\"}]}<\/script>\n<!-- \/ Yoast SEO plugin. -->","yoast_head_json":{"title":"La Zona Franca de Sevilla se asocia con la CES para fortalecer el tejido empresarial - Zona Franca Sevilla","robots":{"index":"index","follow":"follow","max-snippet":"max-snippet:-1","max-image-preview":"max-image-preview:large","max-video-preview":"max-video-preview:-1"},"canonical":"https:\/\/sevillazonafranca.com\/index.php\/2025\/10\/20\/la-zona-franca-de-sevilla-se-asocia-con-la-ces-para-fortalecer-el-tejido-empresarial\/","og_locale":"es_ES","og_type":"article","og_title":"La Zona Franca de Sevilla se asocia con la CES para fortalecer el tejido empresarial - Zona Franca Sevilla","og_description":"La Zona Franca de Sevilla y la Confederaci\u00f3n Empresarial de Sevilla se han comprometido a mantener una colaboraci\u00f3n constante y a desarrollar proyectos conjuntos orientados a la promoci\u00f3n del tejido empresarial, la captaci\u00f3n de inversiones y la mejora de la proyecci\u00f3n internacional de la ciudad y su provincia","og_url":"https:\/\/sevillazonafranca.com\/index.php\/2025\/10\/20\/la-zona-franca-de-sevilla-se-asocia-con-la-ces-para-fortalecer-el-tejido-empresarial\/","og_site_name":"Zona Franca Sevilla","article_published_time":"2025-10-20T13:41:00+00:00","article_modified_time":"2025-10-20T15:54:09+00:00","og_image":[{"width":1600,"height":1293,"url":"https:\/\/sevillazonafranca.com\/wp-content\/uploads\/2025\/10\/251020_Adhesion_ZFS_CES1.jpg","type":"image\/jpeg"}],"author":"Zona Franca","twitter_card":"summary_large_image","twitter_creator":"@SevillaZF","twitter_site":"@SevillaZF","twitter_misc":{"Escrito por":"Zona Franca","Tiempo de lectura":"2 minutos"},"schema":{"@context":"https:\/\/schema.org","@graph":[{"@type":"Article","@id":"https:\/\/sevillazonafranca.com\/index.php\/2025\/10\/20\/la-zona-franca-de-sevilla-se-asocia-con-la-ces-para-fortalecer-el-tejido-empresarial\/#article","isPartOf":{"@id":"https:\/\/sevillazonafranca.com\/index.php\/2025\/10\/20\/la-zona-franca-de-sevilla-se-asocia-con-la-ces-para-fortalecer-el-tejido-empresarial\/"},"author":{"name":"Zona Franca","@id":"https:\/\/sevillazonafranca.com\/#\/schema\/person\/efc2cc63448b239287f31e620f97c1ae"},"headline":"La Zona Franca de Sevilla se asocia con la CES para fortalecer el tejido empresarial","datePublished":"2025-10-20T13:41:00+00:00","dateModified":"2025-10-20T15:54:09+00:00","mainEntityOfPage":{"@id":"https:\/\/sevillazonafranca.com\/index.php\/2025\/10\/20\/la-zona-franca-de-sevilla-se-asocia-con-la-ces-para-fortalecer-el-tejido-empresarial\/"},"wordCount":270,"publisher":{"@id":"https:\/\/sevillazonafranca.com\/#organization"},"image":{"@id":"https:\/\/sevillazonafranca.com\/index.php\/2025\/10\/20\/la-zona-franca-de-sevilla-se-asocia-con-la-ces-para-fortalecer-el-tejido-empresarial\/#primaryimage"},"thumbnailUrl":"https:\/\/sevillazonafranca.com\/wp-content\/uploads\/2025\/10\/251020_Adhesion_ZFS_CES1.jpg","keywords":["alianzas estrat\u00e9gicas","impulso econ\u00f3mico","zona franca sevilla"],"articleSection":["Actualidad ZFS"],"inLanguage":"es"},{"@type":"WebPage","@id":"https:\/\/sevillazonafranca.com\/index.php\/2025\/10\/20\/la-zona-franca-de-sevilla-se-asocia-con-la-ces-para-fortalecer-el-tejido-empresarial\/","url":"https:\/\/sevillazonafranca.com\/index.php\/2025\/10\/20\/la-zona-franca-de-sevilla-se-asocia-con-la-ces-para-fortalecer-el-tejido-empresarial\/","name":"La Zona Franca de Sevilla se asocia con la CES para fortalecer el tejido empresarial - Zona Franca Sevilla","isPartOf":{"@id":"https:\/\/sevillazonafranca.com\/#website"},"primaryImageOfPage":{"@id":"https:\/\/sevillazonafranca.com\/index.php\/2025\/10\/20\/la-zona-franca-de-sevilla-se-asocia-con-la-ces-para-fortalecer-el-tejido-empresarial\/#primaryimage"},"image":{"@id":"https:\/\/sevillazonafranca.com\/index.php\/2025\/10\/20\/la-zona-franca-de-sevilla-se-asocia-con-la-ces-para-fortalecer-el-tejido-empresarial\/#primaryimage"},"thumbnailUrl":"https:\/\/sevillazonafranca.com\/wp-content\/uploads\/2025\/10\/251020_Adhesion_ZFS_CES1.jpg","datePublished":"2025-10-20T13:41:00+00:00","dateModified":"2025-10-20T15:54:09+00:00","breadcrumb":{"@id":"https:\/\/sevillazonafranca.com\/index.php\/2025\/10\/20\/la-zona-franca-de-sevilla-se-asocia-con-la-ces-para-fortalecer-el-tejido-empresarial\/#breadcrumb"},"inLanguage":"es","potentialAction":[{"@type":"ReadAction","target":["https:\/\/sevillazonafranca.com\/index.php\/2025\/10\/20\/la-zona-franca-de-sevilla-se-asocia-con-la-ces-para-fortalecer-el-tejido-empresarial\/"]}]},{"@type":"ImageObject","inLanguage":"es","@id":"https:\/\/sevillazonafranca.com\/index.php\/2025\/10\/20\/la-zona-franca-de-sevilla-se-asocia-con-la-ces-para-fortalecer-el-tejido-empresarial\/#primaryimage","url":"https:\/\/sevillazonafranca.com\/wp-content\/uploads\/2025\/10\/251020_Adhesion_ZFS_CES1.jpg","contentUrl":"https:\/\/sevillazonafranca.com\/wp-content\/uploads\/2025\/10\/251020_Adhesion_ZFS_CES1.jpg","width":1600,"height":1293,"caption":"La delegada del Estado para la Zona Franca de Sevilla, Carmen Tovar, y el presidente de la Confederaci\u00f3n Empresarial de Sevilla (CES), Miguel Rus"},{"@type":"BreadcrumbList","@id":"https:\/\/sevillazonafranca.com\/index.php\/2025\/10\/20\/la-zona-franca-de-sevilla-se-asocia-con-la-ces-para-fortalecer-el-tejido-empresarial\/#breadcrumb","itemListElement":[{"@type":"ListItem","position":1,"name":"Portada","item":"https:\/\/sevillazonafranca.com\/"},{"@type":"ListItem","position":2,"name":"La Zona Franca de Sevilla se asocia con la CES para fortalecer el tejido empresarial"}]},{"@type":"WebSite","@id":"https:\/\/sevillazonafranca.com\/#website","url":"https:\/\/sevillazonafranca.com\/","name":"Zona Franca Sevilla","description":"Web oficial de la Zona Franca de Sevilla. Impulsamos el desarrollo industrial y econ\u00f3mico de Sevilla y su territorio metropolitano.","publisher":{"@id":"https:\/\/sevillazonafranca.com\/#organization"},"potentialAction":[{"@type":"SearchAction","target":{"@type":"EntryPoint","urlTemplate":"https:\/\/sevillazonafranca.com\/?s={search_term_string}"},"query-input":{"@type":"PropertyValueSpecification","valueRequired":true,"valueName":"search_term_string"}}],"inLanguage":"es"},{"@type":"Organization","@id":"https:\/\/sevillazonafranca.com\/#organization","name":"Zona Franca Sevilla","url":"https:\/\/sevillazonafranca.com\/","logo":{"@type":"ImageObject","inLanguage":"es","@id":"https:\/\/sevillazonafranca.com\/#\/schema\/logo\/image\/","url":"https:\/\/sevillazonafranca.com\/wp-content\/uploads\/2025\/04\/zonafrancasevilla-h-01.png","contentUrl":"https:\/\/sevillazonafranca.com\/wp-content\/uploads\/2025\/04\/zonafrancasevilla-h-01.png","width":1000,"height":239,"caption":"Zona Franca Sevilla"},"image":{"@id":"https:\/\/sevillazonafranca.com\/#\/schema\/logo\/image\/"},"sameAs":["https:\/\/x.com\/SevillaZF","https:\/\/www.instagram.com\/zonafrancasevilla\/","http:\/\/linkedin.com\/company\/zona-franca-sevilla"]},{"@type":"Person","@id":"https:\/\/sevillazonafranca.com\/#\/schema\/person\/efc2cc63448b239287f31e620f97c1ae","name":"Zona Franca","image":{"@type":"ImageObject","inLanguage":"es","@id":"https:\/\/secure.gravatar.com\/avatar\/dba226fbfba1c09d733a2bfcb0880b1a37f4a7f6bcc9c068f02bf44b40da8ac6?s=96&d=mm&r=g","url":"https:\/\/secure.gravatar.com\/avatar\/dba226fbfba1c09d733a2bfcb0880b1a37f4a7f6bcc9c068f02bf44b40da8ac6?s=96&d=mm&r=g","contentUrl":"https:\/\/secure.gravatar.com\/avatar\/dba226fbfba1c09d733a2bfcb0880b1a37f4a7f6bcc9c068f02bf44b40da8ac6?s=96&d=mm&r=g","caption":"Zona Franca"},"sameAs":["http:\/\/sevillazonafranca.com"],"url":"https:\/\/sevillazonafranca.com\/index.php\/author\/comunicacion\/"}]}},"_links":{"self":[{"href":"https:\/\/sevillazonafranca.com\/index.php\/wp-json\/wp\/v2\/posts\/25382","targetHints":{"allow":["GET"]}}],"collection":[{"href":"https:\/\/sevillazonafranca.com\/index.php\/wp-json\/wp\/v2\/posts"}],"about":[{"href":"https:\/\/sevillazonafranca.com\/index.php\/wp-json\/wp\/v2\/types\/post"}],"author":[{"embeddable":true,"href":"https:\/\/sevillazonafranca.com\/index.php\/wp-json\/wp\/v2\/users\/2"}],"replies":[{"embeddable":true,"href":"https:\/\/sevillazonafranca.com\/index.php\/wp-json\/wp\/v2\/comments?post=25382"}],"version-history":[{"count":4,"href":"https:\/\/sevillazonafranca.com\/index.php\/wp-json\/wp\/v2\/posts\/25382\/revisions"}],"predecessor-version":[{"id":25390,"href":"https:\/\/sevillazonafranca.com\/index.php\/wp-json\/wp\/v2\/posts\/25382\/revisions\/25390"}],"wp:featuredmedia":[{"embeddable":true,"href":"https:\/\/sevillazonafranca.com\/index.php\/wp-json\/wp\/v2\/media\/25383"}],"wp:attachment":[{"href":"https:\/\/sevillazonafranca.com\/index.php\/wp-json\/wp\/v2\/media?parent=25382"}],"wp:term":[{"taxonomy":"category","embeddable":true,"href":"https:\/\/sevillazonafranca.com\/index.php\/wp-json\/wp\/v2\/categories?post=25382"},{"taxonomy":"post_tag","embeddable":true,"href":"https:\/\/sevillazonafranca.com\/index.php\/wp-json\/wp\/v2\/tags?post=25382"}],"curies":[{"name":"wp","href":"https:\/\/api.w.org\/{rel}","templated":true}]}}