{"id":25416,"date":"2025-10-28T17:44:39","date_gmt":"2025-10-28T16:44:39","guid":{"rendered":"https:\/\/sevillazonafranca.com\/?p=25416"},"modified":"2025-10-31T17:55:46","modified_gmt":"2025-10-31T16:55:46","slug":"la-delegada-para-la-zona-franca-de-sevilla-clausura-el-foro-innovacion-sobre-movilidad-sostenible-en-europa-organizado-por-evo","status":"publish","type":"post","link":"https:\/\/sevillazonafranca.com\/index.php\/2025\/10\/28\/la-delegada-para-la-zona-franca-de-sevilla-clausura-el-foro-innovacion-sobre-movilidad-sostenible-en-europa-organizado-por-evo\/","title":{"rendered":"La delegada para la Zona Franca de Sevilla clausura el Foro Innovaci\u00f3n sobre movilidad sostenible en Europa organizado por EVO"},"content":{"rendered":"\n<p>La delegada del Estado para la <strong>Zona Franca de Sevilla,<\/strong> Carmen Tovar, ha clausurado hoy el Foro Innovaci\u00f3n \u201cAvanzando la movilidad con hidr\u00f3geno en Europa\u201d, celebrado en Sevilla y promovido por la empresa local de ingenier\u00eda <a href=\"https:\/\/www.linkedin.com\/company\/evolution-synergetique\/\"><strong>\u00c9VOLUTION SYNERG\u00c9TIQUE (EVO).<\/strong><\/a><\/p>\n\n\n\n<p>Durante el encuentro, EVO ha presentado su <strong><a href=\"https:\/\/evo-syn.com\/solutions\/#h2tractor\">Terminal Tractor H2,<\/a><\/strong> un <strong>prototipo de veh\u00edculo industrial propulsado por hidr\u00f3geno,<\/strong> dise\u00f1ado para ofrecer <strong>soluciones sostenibles en entornos log\u00edsticos, portuarios y aeroportuarios<\/strong>. Esta iniciativa se alinea con los objetivos del <strong><a href=\"https:\/\/www.lamoncloa.gob.es\/serviciosdeprensa\/notasprensa\/transicion-ecologica\/paginas\/2024\/que-es-el-pacto-verde-europeo.aspx\">Pacto Verde Europeo<\/a><\/strong> y representa un avance significativo en el \u00e1mbito de la I+D+i sevillana.<\/p>\n\n\n\n<figure class=\"wp-block-gallery has-nested-images columns-default is-cropped wp-block-gallery-1 is-layout-flex wp-block-gallery-is-layout-flex\">\n<figure class=\"wp-block-image size-large\"><img loading=\"lazy\" decoding=\"async\" width=\"1024\" height=\"537\" data-id=\"25418\" src=\"https:\/\/sevillazonafranca.com\/wp-content\/uploads\/2025\/10\/251028_Foro_Innovacion_EVO5-1024x537.jpg\" alt=\"\" class=\"wp-image-25418\" srcset=\"https:\/\/sevillazonafranca.com\/wp-content\/uploads\/2025\/10\/251028_Foro_Innovacion_EVO5-1024x537.jpg 1024w, https:\/\/sevillazonafranca.com\/wp-content\/uploads\/2025\/10\/251028_Foro_Innovacion_EVO5-980x514.jpg 980w, https:\/\/sevillazonafranca.com\/wp-content\/uploads\/2025\/10\/251028_Foro_Innovacion_EVO5-480x252.jpg 480w\" sizes=\"(min-width: 0px) and (max-width: 480px) 480px, (min-width: 481px) and (max-width: 980px) 980px, (min-width: 981px) 1024px, 100vw\" \/><\/figure>\n\n\n\n<figure class=\"wp-block-image size-large\"><img loading=\"lazy\" decoding=\"async\" width=\"1024\" height=\"683\" data-id=\"25419\" src=\"https:\/\/sevillazonafranca.com\/wp-content\/uploads\/2025\/10\/251028_Foro_Innovacion_EVO6-1024x683.jpg\" alt=\"\" class=\"wp-image-25419\" srcset=\"https:\/\/sevillazonafranca.com\/wp-content\/uploads\/2025\/10\/251028_Foro_Innovacion_EVO6-980x654.jpg 980w, https:\/\/sevillazonafranca.com\/wp-content\/uploads\/2025\/10\/251028_Foro_Innovacion_EVO6-480x320.jpg 480w\" sizes=\"(min-width: 0px) and (max-width: 480px) 480px, (min-width: 481px) and (max-width: 980px) 980px, (min-width: 981px) 1024px, 100vw\" \/><\/figure>\n<\/figure>\n\n\n\n<p><\/p>\n\n\n\n<p>El desarrollo del Terminal Tractor H2 ha sido posible gracias a la <strong>financiaci\u00f3n de fondos europeos<\/strong> del <strong><a href=\"https:\/\/planderecuperacion.gob.es\/\">Plan de Recuperaci\u00f3n, Transformaci\u00f3n y Resiliencia,<\/a><\/strong> a trav\u00e9s del <strong><a href=\"https:\/\/sede.idae.gob.es\/tramites-servicios\/ayudas-proyectos-para-reforzar-la-cadena-de-valor-de-equipos-necesarios-para-la\">programa Cadena de Valor<\/a><\/strong> del <strong><a href=\"https:\/\/www.idae.es\/\">Instituto para la Diversificaci\u00f3n y Ahorro de la Energ\u00eda (IDAE),<\/a><\/strong> dependiente del <strong><a href=\"https:\/\/www.miteco.gob.es\/es.html\">Ministerio para la Transici\u00f3n Ecol\u00f3gica y el Reto Demogr\u00e1fico.<\/a><\/strong><\/p>\n","protected":false},"excerpt":{"rendered":"<p>La compa\u00f1\u00eda sevillana de ingenier\u00eda presenta en este evento su nuevo veh\u00edculo industrial impulsado por hidr\u00f3geno<\/p>\n","protected":false},"author":2,"featured_media":25417,"comment_status":"closed","ping_status":"open","sticky":false,"template":"","format":"standard","meta":{"_et_pb_use_builder":"off","_et_pb_old_content":"","_et_gb_content_width":"","footnotes":""},"categories":[8],"tags":[18,21,16,32,33,15],"class_list":["post-25416","post","type-post","status-publish","format-standard","has-post-thumbnail","hentry","category-actualidad","tag-alianzas-estrategicas","tag-gobierno-de-espana","tag-impulso-economico","tag-industria-sostenible","tag-ingenieria-sevillana","tag-zona-franca-sevilla"],"yoast_head":"<!-- This site is optimized with the Yoast SEO plugin v27.3 - https:\/\/yoast.com\/product\/yoast-seo-wordpress\/ -->\n<title>La delegada para la Zona Franca de Sevilla clausura el Foro Innovaci\u00f3n sobre movilidad sostenible en Europa organizado por EVO - Zona Franca Sevilla<\/title>\n<meta name=\"robots\" content=\"index, follow, max-snippet:-1, max-image-preview:large, max-video-preview:-1\" \/>\n<link rel=\"canonical\" href=\"https:\/\/sevillazonafranca.com\/index.php\/2025\/10\/28\/la-delegada-para-la-zona-franca-de-sevilla-clausura-el-foro-innovacion-sobre-movilidad-sostenible-en-europa-organizado-por-evo\/\" \/>\n<meta property=\"og:locale\" content=\"es_ES\" \/>\n<meta property=\"og:type\" content=\"article\" \/>\n<meta property=\"og:title\" content=\"La delegada para la Zona Franca de Sevilla clausura el Foro Innovaci\u00f3n sobre movilidad sostenible en Europa organizado por EVO - Zona Franca Sevilla\" \/>\n<meta property=\"og:description\" content=\"La compa\u00f1\u00eda sevillana de ingenier\u00eda presenta en este evento su nuevo veh\u00edculo industrial impulsado por hidr\u00f3geno\" \/>\n<meta property=\"og:url\" content=\"https:\/\/sevillazonafranca.com\/index.php\/2025\/10\/28\/la-delegada-para-la-zona-franca-de-sevilla-clausura-el-foro-innovacion-sobre-movilidad-sostenible-en-europa-organizado-por-evo\/\" \/>\n<meta property=\"og:site_name\" content=\"Zona Franca Sevilla\" \/>\n<meta property=\"article:published_time\" content=\"2025-10-28T16:44:39+00:00\" \/>\n<meta property=\"article:modified_time\" content=\"2025-10-31T16:55:46+00:00\" \/>\n<meta property=\"og:image\" content=\"https:\/\/sevillazonafranca.com\/wp-content\/uploads\/2025\/10\/251028_Foro_Innovacion_EVO1.jpg\" \/>\n\t<meta property=\"og:image:width\" content=\"1080\" \/>\n\t<meta property=\"og:image:height\" content=\"567\" \/>\n\t<meta property=\"og:image:type\" content=\"image\/jpeg\" \/>\n<meta name=\"author\" content=\"Zona Franca\" \/>\n<meta name=\"twitter:card\" content=\"summary_large_image\" \/>\n<meta name=\"twitter:creator\" content=\"@SevillaZF\" \/>\n<meta name=\"twitter:site\" content=\"@SevillaZF\" \/>\n<meta name=\"twitter:label1\" content=\"Escrito por\" \/>\n\t<meta name=\"twitter:data1\" content=\"Zona Franca\" \/>\n\t<meta name=\"twitter:label2\" content=\"Tiempo de lectura\" \/>\n\t<meta name=\"twitter:data2\" content=\"2 minutos\" \/>\n<script type=\"application\/ld+json\" class=\"yoast-schema-graph\">{\"@context\":\"https:\\\/\\\/schema.org\",\"@graph\":[{\"@type\":\"Article\",\"@id\":\"https:\\\/\\\/sevillazonafranca.com\\\/index.php\\\/2025\\\/10\\\/28\\\/la-delegada-para-la-zona-franca-de-sevilla-clausura-el-foro-innovacion-sobre-movilidad-sostenible-en-europa-organizado-por-evo\\\/#article\",\"isPartOf\":{\"@id\":\"https:\\\/\\\/sevillazonafranca.com\\\/index.php\\\/2025\\\/10\\\/28\\\/la-delegada-para-la-zona-franca-de-sevilla-clausura-el-foro-innovacion-sobre-movilidad-sostenible-en-europa-organizado-por-evo\\\/\"},\"author\":{\"name\":\"Zona Franca\",\"@id\":\"https:\\\/\\\/sevillazonafranca.com\\\/#\\\/schema\\\/person\\\/efc2cc63448b239287f31e620f97c1ae\"},\"headline\":\"La delegada para la Zona Franca de Sevilla clausura el Foro Innovaci\u00f3n sobre movilidad sostenible en Europa organizado por EVO\",\"datePublished\":\"2025-10-28T16:44:39+00:00\",\"dateModified\":\"2025-10-31T16:55:46+00:00\",\"mainEntityOfPage\":{\"@id\":\"https:\\\/\\\/sevillazonafranca.com\\\/index.php\\\/2025\\\/10\\\/28\\\/la-delegada-para-la-zona-franca-de-sevilla-clausura-el-foro-innovacion-sobre-movilidad-sostenible-en-europa-organizado-por-evo\\\/\"},\"wordCount\":183,\"publisher\":{\"@id\":\"https:\\\/\\\/sevillazonafranca.com\\\/#organization\"},\"image\":{\"@id\":\"https:\\\/\\\/sevillazonafranca.com\\\/index.php\\\/2025\\\/10\\\/28\\\/la-delegada-para-la-zona-franca-de-sevilla-clausura-el-foro-innovacion-sobre-movilidad-sostenible-en-europa-organizado-por-evo\\\/#primaryimage\"},\"thumbnailUrl\":\"https:\\\/\\\/sevillazonafranca.com\\\/wp-content\\\/uploads\\\/2025\\\/10\\\/251028_Foro_Innovacion_EVO1.jpg\",\"keywords\":[\"alianzas estrat\u00e9gicas\",\"gobierno de espa\u00f1a\",\"impulso econ\u00f3mico\",\"industria sostenible\",\"ingenier\u00eda sevillana\",\"zona franca sevilla\"],\"articleSection\":[\"Actualidad ZFS\"],\"inLanguage\":\"es\"},{\"@type\":\"WebPage\",\"@id\":\"https:\\\/\\\/sevillazonafranca.com\\\/index.php\\\/2025\\\/10\\\/28\\\/la-delegada-para-la-zona-franca-de-sevilla-clausura-el-foro-innovacion-sobre-movilidad-sostenible-en-europa-organizado-por-evo\\\/\",\"url\":\"https:\\\/\\\/sevillazonafranca.com\\\/index.php\\\/2025\\\/10\\\/28\\\/la-delegada-para-la-zona-franca-de-sevilla-clausura-el-foro-innovacion-sobre-movilidad-sostenible-en-europa-organizado-por-evo\\\/\",\"name\":\"La delegada para la Zona Franca de Sevilla clausura el Foro Innovaci\u00f3n sobre movilidad sostenible en Europa organizado por EVO - Zona Franca Sevilla\",\"isPartOf\":{\"@id\":\"https:\\\/\\\/sevillazonafranca.com\\\/#website\"},\"primaryImageOfPage\":{\"@id\":\"https:\\\/\\\/sevillazonafranca.com\\\/index.php\\\/2025\\\/10\\\/28\\\/la-delegada-para-la-zona-franca-de-sevilla-clausura-el-foro-innovacion-sobre-movilidad-sostenible-en-europa-organizado-por-evo\\\/#primaryimage\"},\"image\":{\"@id\":\"https:\\\/\\\/sevillazonafranca.com\\\/index.php\\\/2025\\\/10\\\/28\\\/la-delegada-para-la-zona-franca-de-sevilla-clausura-el-foro-innovacion-sobre-movilidad-sostenible-en-europa-organizado-por-evo\\\/#primaryimage\"},\"thumbnailUrl\":\"https:\\\/\\\/sevillazonafranca.com\\\/wp-content\\\/uploads\\\/2025\\\/10\\\/251028_Foro_Innovacion_EVO1.jpg\",\"datePublished\":\"2025-10-28T16:44:39+00:00\",\"dateModified\":\"2025-10-31T16:55:46+00:00\",\"breadcrumb\":{\"@id\":\"https:\\\/\\\/sevillazonafranca.com\\\/index.php\\\/2025\\\/10\\\/28\\\/la-delegada-para-la-zona-franca-de-sevilla-clausura-el-foro-innovacion-sobre-movilidad-sostenible-en-europa-organizado-por-evo\\\/#breadcrumb\"},\"inLanguage\":\"es\",\"potentialAction\":[{\"@type\":\"ReadAction\",\"target\":[\"https:\\\/\\\/sevillazonafranca.com\\\/index.php\\\/2025\\\/10\\\/28\\\/la-delegada-para-la-zona-franca-de-sevilla-clausura-el-foro-innovacion-sobre-movilidad-sostenible-en-europa-organizado-por-evo\\\/\"]}]},{\"@type\":\"ImageObject\",\"inLanguage\":\"es\",\"@id\":\"https:\\\/\\\/sevillazonafranca.com\\\/index.php\\\/2025\\\/10\\\/28\\\/la-delegada-para-la-zona-franca-de-sevilla-clausura-el-foro-innovacion-sobre-movilidad-sostenible-en-europa-organizado-por-evo\\\/#primaryimage\",\"url\":\"https:\\\/\\\/sevillazonafranca.com\\\/wp-content\\\/uploads\\\/2025\\\/10\\\/251028_Foro_Innovacion_EVO1.jpg\",\"contentUrl\":\"https:\\\/\\\/sevillazonafranca.com\\\/wp-content\\\/uploads\\\/2025\\\/10\\\/251028_Foro_Innovacion_EVO1.jpg\",\"width\":1080,\"height\":567,\"caption\":\"Carmen Tovar, delegada del Estado para la Zona Franca de Sevilla\"},{\"@type\":\"BreadcrumbList\",\"@id\":\"https:\\\/\\\/sevillazonafranca.com\\\/index.php\\\/2025\\\/10\\\/28\\\/la-delegada-para-la-zona-franca-de-sevilla-clausura-el-foro-innovacion-sobre-movilidad-sostenible-en-europa-organizado-por-evo\\\/#breadcrumb\",\"itemListElement\":[{\"@type\":\"ListItem\",\"position\":1,\"name\":\"Portada\",\"item\":\"https:\\\/\\\/sevillazonafranca.com\\\/\"},{\"@type\":\"ListItem\",\"position\":2,\"name\":\"La delegada para la Zona Franca de Sevilla clausura el Foro Innovaci\u00f3n sobre movilidad sostenible en Europa organizado por EVO\"}]},{\"@type\":\"WebSite\",\"@id\":\"https:\\\/\\\/sevillazonafranca.com\\\/#website\",\"url\":\"https:\\\/\\\/sevillazonafranca.com\\\/\",\"name\":\"Zona Franca Sevilla\",\"description\":\"Web oficial de la Zona Franca de Sevilla. Impulsamos el desarrollo industrial y econ\u00f3mico de Sevilla y su territorio metropolitano.\",\"publisher\":{\"@id\":\"https:\\\/\\\/sevillazonafranca.com\\\/#organization\"},\"potentialAction\":[{\"@type\":\"SearchAction\",\"target\":{\"@type\":\"EntryPoint\",\"urlTemplate\":\"https:\\\/\\\/sevillazonafranca.com\\\/?s={search_term_string}\"},\"query-input\":{\"@type\":\"PropertyValueSpecification\",\"valueRequired\":true,\"valueName\":\"search_term_string\"}}],\"inLanguage\":\"es\"},{\"@type\":\"Organization\",\"@id\":\"https:\\\/\\\/sevillazonafranca.com\\\/#organization\",\"name\":\"Zona Franca Sevilla\",\"url\":\"https:\\\/\\\/sevillazonafranca.com\\\/\",\"logo\":{\"@type\":\"ImageObject\",\"inLanguage\":\"es\",\"@id\":\"https:\\\/\\\/sevillazonafranca.com\\\/#\\\/schema\\\/logo\\\/image\\\/\",\"url\":\"https:\\\/\\\/sevillazonafranca.com\\\/wp-content\\\/uploads\\\/2025\\\/04\\\/zonafrancasevilla-h-01.png\",\"contentUrl\":\"https:\\\/\\\/sevillazonafranca.com\\\/wp-content\\\/uploads\\\/2025\\\/04\\\/zonafrancasevilla-h-01.png\",\"width\":1000,\"height\":239,\"caption\":\"Zona Franca Sevilla\"},\"image\":{\"@id\":\"https:\\\/\\\/sevillazonafranca.com\\\/#\\\/schema\\\/logo\\\/image\\\/\"},\"sameAs\":[\"https:\\\/\\\/x.com\\\/SevillaZF\",\"https:\\\/\\\/www.instagram.com\\\/zonafrancasevilla\\\/\",\"http:\\\/\\\/linkedin.com\\\/company\\\/zona-franca-sevilla\"]},{\"@type\":\"Person\",\"@id\":\"https:\\\/\\\/sevillazonafranca.com\\\/#\\\/schema\\\/person\\\/efc2cc63448b239287f31e620f97c1ae\",\"name\":\"Zona Franca\",\"image\":{\"@type\":\"ImageObject\",\"inLanguage\":\"es\",\"@id\":\"https:\\\/\\\/secure.gravatar.com\\\/avatar\\\/dba226fbfba1c09d733a2bfcb0880b1a37f4a7f6bcc9c068f02bf44b40da8ac6?s=96&d=mm&r=g\",\"url\":\"https:\\\/\\\/secure.gravatar.com\\\/avatar\\\/dba226fbfba1c09d733a2bfcb0880b1a37f4a7f6bcc9c068f02bf44b40da8ac6?s=96&d=mm&r=g\",\"contentUrl\":\"https:\\\/\\\/secure.gravatar.com\\\/avatar\\\/dba226fbfba1c09d733a2bfcb0880b1a37f4a7f6bcc9c068f02bf44b40da8ac6?s=96&d=mm&r=g\",\"caption\":\"Zona Franca\"},\"sameAs\":[\"http:\\\/\\\/sevillazonafranca.com\"],\"url\":\"https:\\\/\\\/sevillazonafranca.com\\\/index.php\\\/author\\\/comunicacion\\\/\"}]}<\/script>\n<!-- \/ Yoast SEO plugin. -->","yoast_head_json":{"title":"La delegada para la Zona Franca de Sevilla clausura el Foro Innovaci\u00f3n sobre movilidad sostenible en Europa organizado por EVO - Zona Franca Sevilla","robots":{"index":"index","follow":"follow","max-snippet":"max-snippet:-1","max-image-preview":"max-image-preview:large","max-video-preview":"max-video-preview:-1"},"canonical":"https:\/\/sevillazonafranca.com\/index.php\/2025\/10\/28\/la-delegada-para-la-zona-franca-de-sevilla-clausura-el-foro-innovacion-sobre-movilidad-sostenible-en-europa-organizado-por-evo\/","og_locale":"es_ES","og_type":"article","og_title":"La delegada para la Zona Franca de Sevilla clausura el Foro Innovaci\u00f3n sobre movilidad sostenible en Europa organizado por EVO - Zona Franca Sevilla","og_description":"La compa\u00f1\u00eda sevillana de ingenier\u00eda presenta en este evento su nuevo veh\u00edculo industrial impulsado por hidr\u00f3geno","og_url":"https:\/\/sevillazonafranca.com\/index.php\/2025\/10\/28\/la-delegada-para-la-zona-franca-de-sevilla-clausura-el-foro-innovacion-sobre-movilidad-sostenible-en-europa-organizado-por-evo\/","og_site_name":"Zona Franca Sevilla","article_published_time":"2025-10-28T16:44:39+00:00","article_modified_time":"2025-10-31T16:55:46+00:00","og_image":[{"width":1080,"height":567,"url":"https:\/\/sevillazonafranca.com\/wp-content\/uploads\/2025\/10\/251028_Foro_Innovacion_EVO1.jpg","type":"image\/jpeg"}],"author":"Zona Franca","twitter_card":"summary_large_image","twitter_creator":"@SevillaZF","twitter_site":"@SevillaZF","twitter_misc":{"Escrito por":"Zona Franca","Tiempo de lectura":"2 minutos"},"schema":{"@context":"https:\/\/schema.org","@graph":[{"@type":"Article","@id":"https:\/\/sevillazonafranca.com\/index.php\/2025\/10\/28\/la-delegada-para-la-zona-franca-de-sevilla-clausura-el-foro-innovacion-sobre-movilidad-sostenible-en-europa-organizado-por-evo\/#article","isPartOf":{"@id":"https:\/\/sevillazonafranca.com\/index.php\/2025\/10\/28\/la-delegada-para-la-zona-franca-de-sevilla-clausura-el-foro-innovacion-sobre-movilidad-sostenible-en-europa-organizado-por-evo\/"},"author":{"name":"Zona Franca","@id":"https:\/\/sevillazonafranca.com\/#\/schema\/person\/efc2cc63448b239287f31e620f97c1ae"},"headline":"La delegada para la Zona Franca de Sevilla clausura el Foro Innovaci\u00f3n sobre movilidad sostenible en Europa organizado por EVO","datePublished":"2025-10-28T16:44:39+00:00","dateModified":"2025-10-31T16:55:46+00:00","mainEntityOfPage":{"@id":"https:\/\/sevillazonafranca.com\/index.php\/2025\/10\/28\/la-delegada-para-la-zona-franca-de-sevilla-clausura-el-foro-innovacion-sobre-movilidad-sostenible-en-europa-organizado-por-evo\/"},"wordCount":183,"publisher":{"@id":"https:\/\/sevillazonafranca.com\/#organization"},"image":{"@id":"https:\/\/sevillazonafranca.com\/index.php\/2025\/10\/28\/la-delegada-para-la-zona-franca-de-sevilla-clausura-el-foro-innovacion-sobre-movilidad-sostenible-en-europa-organizado-por-evo\/#primaryimage"},"thumbnailUrl":"https:\/\/sevillazonafranca.com\/wp-content\/uploads\/2025\/10\/251028_Foro_Innovacion_EVO1.jpg","keywords":["alianzas estrat\u00e9gicas","gobierno de espa\u00f1a","impulso econ\u00f3mico","industria sostenible","ingenier\u00eda sevillana","zona franca sevilla"],"articleSection":["Actualidad ZFS"],"inLanguage":"es"},{"@type":"WebPage","@id":"https:\/\/sevillazonafranca.com\/index.php\/2025\/10\/28\/la-delegada-para-la-zona-franca-de-sevilla-clausura-el-foro-innovacion-sobre-movilidad-sostenible-en-europa-organizado-por-evo\/","url":"https:\/\/sevillazonafranca.com\/index.php\/2025\/10\/28\/la-delegada-para-la-zona-franca-de-sevilla-clausura-el-foro-innovacion-sobre-movilidad-sostenible-en-europa-organizado-por-evo\/","name":"La delegada para la Zona Franca de Sevilla clausura el Foro Innovaci\u00f3n sobre movilidad sostenible en Europa organizado por EVO - Zona Franca Sevilla","isPartOf":{"@id":"https:\/\/sevillazonafranca.com\/#website"},"primaryImageOfPage":{"@id":"https:\/\/sevillazonafranca.com\/index.php\/2025\/10\/28\/la-delegada-para-la-zona-franca-de-sevilla-clausura-el-foro-innovacion-sobre-movilidad-sostenible-en-europa-organizado-por-evo\/#primaryimage"},"image":{"@id":"https:\/\/sevillazonafranca.com\/index.php\/2025\/10\/28\/la-delegada-para-la-zona-franca-de-sevilla-clausura-el-foro-innovacion-sobre-movilidad-sostenible-en-europa-organizado-por-evo\/#primaryimage"},"thumbnailUrl":"https:\/\/sevillazonafranca.com\/wp-content\/uploads\/2025\/10\/251028_Foro_Innovacion_EVO1.jpg","datePublished":"2025-10-28T16:44:39+00:00","dateModified":"2025-10-31T16:55:46+00:00","breadcrumb":{"@id":"https:\/\/sevillazonafranca.com\/index.php\/2025\/10\/28\/la-delegada-para-la-zona-franca-de-sevilla-clausura-el-foro-innovacion-sobre-movilidad-sostenible-en-europa-organizado-por-evo\/#breadcrumb"},"inLanguage":"es","potentialAction":[{"@type":"ReadAction","target":["https:\/\/sevillazonafranca.com\/index.php\/2025\/10\/28\/la-delegada-para-la-zona-franca-de-sevilla-clausura-el-foro-innovacion-sobre-movilidad-sostenible-en-europa-organizado-por-evo\/"]}]},{"@type":"ImageObject","inLanguage":"es","@id":"https:\/\/sevillazonafranca.com\/index.php\/2025\/10\/28\/la-delegada-para-la-zona-franca-de-sevilla-clausura-el-foro-innovacion-sobre-movilidad-sostenible-en-europa-organizado-por-evo\/#primaryimage","url":"https:\/\/sevillazonafranca.com\/wp-content\/uploads\/2025\/10\/251028_Foro_Innovacion_EVO1.jpg","contentUrl":"https:\/\/sevillazonafranca.com\/wp-content\/uploads\/2025\/10\/251028_Foro_Innovacion_EVO1.jpg","width":1080,"height":567,"caption":"Carmen Tovar, delegada del Estado para la Zona Franca de Sevilla"},{"@type":"BreadcrumbList","@id":"https:\/\/sevillazonafranca.com\/index.php\/2025\/10\/28\/la-delegada-para-la-zona-franca-de-sevilla-clausura-el-foro-innovacion-sobre-movilidad-sostenible-en-europa-organizado-por-evo\/#breadcrumb","itemListElement":[{"@type":"ListItem","position":1,"name":"Portada","item":"https:\/\/sevillazonafranca.com\/"},{"@type":"ListItem","position":2,"name":"La delegada para la Zona Franca de Sevilla clausura el Foro Innovaci\u00f3n sobre movilidad sostenible en Europa organizado por EVO"}]},{"@type":"WebSite","@id":"https:\/\/sevillazonafranca.com\/#website","url":"https:\/\/sevillazonafranca.com\/","name":"Zona Franca Sevilla","description":"Web oficial de la Zona Franca de Sevilla. Impulsamos el desarrollo industrial y econ\u00f3mico de Sevilla y su territorio metropolitano.","publisher":{"@id":"https:\/\/sevillazonafranca.com\/#organization"},"potentialAction":[{"@type":"SearchAction","target":{"@type":"EntryPoint","urlTemplate":"https:\/\/sevillazonafranca.com\/?s={search_term_string}"},"query-input":{"@type":"PropertyValueSpecification","valueRequired":true,"valueName":"search_term_string"}}],"inLanguage":"es"},{"@type":"Organization","@id":"https:\/\/sevillazonafranca.com\/#organization","name":"Zona Franca Sevilla","url":"https:\/\/sevillazonafranca.com\/","logo":{"@type":"ImageObject","inLanguage":"es","@id":"https:\/\/sevillazonafranca.com\/#\/schema\/logo\/image\/","url":"https:\/\/sevillazonafranca.com\/wp-content\/uploads\/2025\/04\/zonafrancasevilla-h-01.png","contentUrl":"https:\/\/sevillazonafranca.com\/wp-content\/uploads\/2025\/04\/zonafrancasevilla-h-01.png","width":1000,"height":239,"caption":"Zona Franca Sevilla"},"image":{"@id":"https:\/\/sevillazonafranca.com\/#\/schema\/logo\/image\/"},"sameAs":["https:\/\/x.com\/SevillaZF","https:\/\/www.instagram.com\/zonafrancasevilla\/","http:\/\/linkedin.com\/company\/zona-franca-sevilla"]},{"@type":"Person","@id":"https:\/\/sevillazonafranca.com\/#\/schema\/person\/efc2cc63448b239287f31e620f97c1ae","name":"Zona Franca","image":{"@type":"ImageObject","inLanguage":"es","@id":"https:\/\/secure.gravatar.com\/avatar\/dba226fbfba1c09d733a2bfcb0880b1a37f4a7f6bcc9c068f02bf44b40da8ac6?s=96&d=mm&r=g","url":"https:\/\/secure.gravatar.com\/avatar\/dba226fbfba1c09d733a2bfcb0880b1a37f4a7f6bcc9c068f02bf44b40da8ac6?s=96&d=mm&r=g","contentUrl":"https:\/\/secure.gravatar.com\/avatar\/dba226fbfba1c09d733a2bfcb0880b1a37f4a7f6bcc9c068f02bf44b40da8ac6?s=96&d=mm&r=g","caption":"Zona Franca"},"sameAs":["http:\/\/sevillazonafranca.com"],"url":"https:\/\/sevillazonafranca.com\/index.php\/author\/comunicacion\/"}]}},"_links":{"self":[{"href":"https:\/\/sevillazonafranca.com\/index.php\/wp-json\/wp\/v2\/posts\/25416","targetHints":{"allow":["GET"]}}],"collection":[{"href":"https:\/\/sevillazonafranca.com\/index.php\/wp-json\/wp\/v2\/posts"}],"about":[{"href":"https:\/\/sevillazonafranca.com\/index.php\/wp-json\/wp\/v2\/types\/post"}],"author":[{"embeddable":true,"href":"https:\/\/sevillazonafranca.com\/index.php\/wp-json\/wp\/v2\/users\/2"}],"replies":[{"embeddable":true,"href":"https:\/\/sevillazonafranca.com\/index.php\/wp-json\/wp\/v2\/comments?post=25416"}],"version-history":[{"count":6,"href":"https:\/\/sevillazonafranca.com\/index.php\/wp-json\/wp\/v2\/posts\/25416\/revisions"}],"predecessor-version":[{"id":25425,"href":"https:\/\/sevillazonafranca.com\/index.php\/wp-json\/wp\/v2\/posts\/25416\/revisions\/25425"}],"wp:featuredmedia":[{"embeddable":true,"href":"https:\/\/sevillazonafranca.com\/index.php\/wp-json\/wp\/v2\/media\/25417"}],"wp:attachment":[{"href":"https:\/\/sevillazonafranca.com\/index.php\/wp-json\/wp\/v2\/media?parent=25416"}],"wp:term":[{"taxonomy":"category","embeddable":true,"href":"https:\/\/sevillazonafranca.com\/index.php\/wp-json\/wp\/v2\/categories?post=25416"},{"taxonomy":"post_tag","embeddable":true,"href":"https:\/\/sevillazonafranca.com\/index.php\/wp-json\/wp\/v2\/tags?post=25416"}],"curies":[{"name":"wp","href":"https:\/\/api.w.org\/{rel}","templated":true}]}}