{"id":25426,"date":"2025-11-05T11:26:41","date_gmt":"2025-11-05T10:26:41","guid":{"rendered":"https:\/\/sevillazonafranca.com\/?p=25426"},"modified":"2025-11-29T12:30:30","modified_gmt":"2025-11-29T11:30:30","slug":"espana-alemania-francia-e-italia-se-comprometen-a-impulsar-la-competitividad-de-la-industria-europea","status":"publish","type":"post","link":"https:\/\/sevillazonafranca.com\/index.php\/2025\/11\/05\/espana-alemania-francia-e-italia-se-comprometen-a-impulsar-la-competitividad-de-la-industria-europea\/","title":{"rendered":"Espa\u00f1a, Alemania, Francia e Italia se comprometen a impulsar la competitividad de la industria europea"},"content":{"rendered":"\n<p>Diecisiete pa\u00edses, entre ellos Espa\u00f1a, han firmado la\u00a0<strong>Declaraci\u00f3n de Berl\u00edn<\/strong>, que recoge una serie de <strong>medidas para fortalecer la competitividad de la industria europea,<\/strong> para mejorar la productividad, reducir la burocracia, el aumento de los costes energ\u00e9ticos, la feroz competencia global, los impactos del cambio clim\u00e1tico, o las tensiones comerciales.<\/p>\n\n\n\n<p>Para el <strong>ministro de Industria y Turismo,\u00a0Jordi Hereu,<\/strong>\u00a0\u201cEuropa necesita una industria unida frente a la envergadura de las oportunidades. Juntos debemos proporcionar un marco y unos impulsos fiables para el crecimiento, la innovaci\u00f3n y la competitividad\u201d.<\/p>\n\n\n\n<p>El documento da continuidad al Informe Draghi y reconoce que <strong>Europa necesita fortalecer su soberan\u00eda econ\u00f3mica en tecnolog\u00edas estrat\u00e9gicas y su capacidad de innovaci\u00f3n.<\/strong> Tambi\u00e9n aborda la seguridad en Europa y recoge la necesidad de fortalecer la base tecnol\u00f3gica de defensa de doble uso.<\/p>\n\n\n\n<p>El primero de los cinco puntos que recoge la declaraci\u00f3n incide en la necesaria <strong>simplificaci\u00f3n administrativa europea,<\/strong> otorgando flexibilidad a las empresas en los procedimientos de autorizaci\u00f3n de su actividad. El segundo punto aborda la <strong>inteligencia artificial y su aplicaci\u00f3n en la industria europea.<\/strong> La transformaci\u00f3n digital no es solo una cuesti\u00f3n para las empresas emergentes y tecnol\u00f3gicas, sino clave para una industria europea competitiva y soberana, especialmente el sector manufacturero. Por ello, <strong>se solicita la aplicaci\u00f3n de la\u00a0IA\u00a0en los procesos de producci\u00f3n industrial para impulsar la competitividad.<\/strong><\/p>\n\n\n\n<p>El tercer punto insiste en <strong>crear mercados l\u00edderes europeos, un aspecto fundamental para que la descarbonizaci\u00f3n sea posible.<\/strong> La Declaraci\u00f3n reconoce que es <strong>fundamental generar una demanda inicial segura de materiales b\u00e1sicos respetuosos con el clima,<\/strong> como el acero, el cemento y los productos qu\u00edmicos, visibilizando los esfuerzos de transformaci\u00f3n en el mercado e incentivando nuevas capacidades descarbonizadas, manteniendo un equilibrio entre simplicidad, eficiencia econ\u00f3mica y rentabilidad.<\/p>\n\n\n\n<p>Se solicita el <strong>fomento de etiquetas de producto validadas por la UE que indiquen la huella de carbono<\/strong>. Adem\u00e1s, es importante aprovechar el poder adquisitivo de los organismos p\u00fablicos y utilizar la contrataci\u00f3n p\u00fablica, as\u00ed como otros sistemas de incentivos p\u00fablicos nacionales y de la UE, de forma estrat\u00e9gica para apoyar a los mercados l\u00edderes europeos.<\/p>\n\n\n\n<p>El cuarto punto de la Declaraci\u00f3n analiza la <strong>resiliencia de la industria europea<\/strong> y c\u00f3mo aprovechar el <strong>potencial de innovaci\u00f3n de los sectores de defensa,<\/strong> con especial incidencia en las materias primas cr\u00edticas. Para aprovechar las sinergias de la industria de Defensa, los pa\u00edses proponen crear una <strong>Agencia de Innovaci\u00f3n de Defensa en la\u00a0UE.<\/strong><\/p>\n\n\n\n<p>Por \u00faltimo, en el quinto punto se aborda el <strong>liderazgo de innovaci\u00f3n y la creaci\u00f3n de valor de la industria en Europa,<\/strong> poniendo el foco en la industria de <strong>la automoci\u00f3n y la biotecnolog\u00eda.<\/strong> Se solicita el despliegue de veh\u00edculos de bajas y cero emisiones y la expansi\u00f3n de la infraestructura de recarga y de suministro de hidr\u00f3geno, para descarbonizar las flotas de empresas.<\/p>\n\n\n\n<p>Los pa\u00edses firmantes de esta Declaraci\u00f3n, junto a Espa\u00f1a, han sido Austria, B\u00e9lgica, Bulgaria, Croacia, Rep\u00fablica Checa, Finlandia, Francia, Alemania, Italia, Lituania, Luxemburgo, Pa\u00edses Bajos, Polonia, Ruman\u00eda, Eslovaquia, y Eslovenia.<\/p>\n\n\n\n<p>Fuente: <strong><a href=\"https:\/\/www.mintur.gob.es\/es-es\/GabinetePrensa\/NotasPrensa\/2025\/Paginas\/Espana-Alemania-Francia-e-Italia-se-comprometen-a-impulsar-la-competitividad-de-la-industria-europea.aspx\">Ministerio de Industria y Turismo.<\/a><\/strong><\/p>\n","protected":false},"excerpt":{"rendered":"<p>La Declaraci\u00f3n de Berl\u00edn, nacida en el marco del recuperado encuentro ministerial de alto nivel \u2018Friends of Industry\u2019, se centra en la soberan\u00eda industrial, el liderazgo tecnol\u00f3gico, la descarbonizaci\u00f3n, las materias primas cr\u00edticas o la industria de Defensa<\/p>\n","protected":false},"author":2,"featured_media":25427,"comment_status":"closed","ping_status":"open","sticky":false,"template":"","format":"standard","meta":{"_et_pb_use_builder":"off","_et_pb_old_content":"","_et_gb_content_width":"","footnotes":""},"categories":[25],"tags":[],"class_list":["post-25426","post","type-post","status-publish","format-standard","has-post-thumbnail","hentry","category-otras-noticias"],"yoast_head":"<!-- This site is optimized with the Yoast SEO plugin v27.3 - https:\/\/yoast.com\/product\/yoast-seo-wordpress\/ -->\n<title>Espa\u00f1a, Alemania, Francia e Italia se comprometen a impulsar la competitividad de la industria europea - Zona Franca Sevilla<\/title>\n<meta name=\"robots\" content=\"index, follow, max-snippet:-1, max-image-preview:large, max-video-preview:-1\" \/>\n<link rel=\"canonical\" href=\"https:\/\/sevillazonafranca.com\/index.php\/2025\/11\/05\/espana-alemania-francia-e-italia-se-comprometen-a-impulsar-la-competitividad-de-la-industria-europea\/\" \/>\n<meta property=\"og:locale\" content=\"es_ES\" \/>\n<meta property=\"og:type\" content=\"article\" \/>\n<meta property=\"og:title\" content=\"Espa\u00f1a, Alemania, Francia e Italia se comprometen a impulsar la competitividad de la industria europea - Zona Franca Sevilla\" \/>\n<meta property=\"og:description\" content=\"La Declaraci\u00f3n de Berl\u00edn, nacida en el marco del recuperado encuentro ministerial de alto nivel \u2018Friends of Industry\u2019, se centra en la soberan\u00eda industrial, el liderazgo tecnol\u00f3gico, la descarbonizaci\u00f3n, las materias primas cr\u00edticas o la industria de Defensa\" \/>\n<meta property=\"og:url\" content=\"https:\/\/sevillazonafranca.com\/index.php\/2025\/11\/05\/espana-alemania-francia-e-italia-se-comprometen-a-impulsar-la-competitividad-de-la-industria-europea\/\" \/>\n<meta property=\"og:site_name\" content=\"Zona Franca Sevilla\" \/>\n<meta property=\"article:published_time\" content=\"2025-11-05T10:26:41+00:00\" \/>\n<meta property=\"article:modified_time\" content=\"2025-11-29T11:30:30+00:00\" \/>\n<meta property=\"og:image\" content=\"https:\/\/sevillazonafranca.com\/wp-content\/uploads\/2025\/11\/Declaracion-Berlin-Industria.jpeg\" \/>\n\t<meta property=\"og:image:width\" content=\"1080\" \/>\n\t<meta property=\"og:image:height\" content=\"810\" \/>\n\t<meta property=\"og:image:type\" content=\"image\/jpeg\" \/>\n<meta name=\"author\" content=\"Zona Franca\" \/>\n<meta name=\"twitter:card\" content=\"summary_large_image\" \/>\n<meta name=\"twitter:creator\" content=\"@SevillaZF\" \/>\n<meta name=\"twitter:site\" content=\"@SevillaZF\" \/>\n<meta name=\"twitter:label1\" content=\"Escrito por\" \/>\n\t<meta name=\"twitter:data1\" content=\"Zona Franca\" \/>\n\t<meta name=\"twitter:label2\" content=\"Tiempo de lectura\" \/>\n\t<meta name=\"twitter:data2\" content=\"3 minutos\" \/>\n<script type=\"application\/ld+json\" class=\"yoast-schema-graph\">{\"@context\":\"https:\\\/\\\/schema.org\",\"@graph\":[{\"@type\":\"Article\",\"@id\":\"https:\\\/\\\/sevillazonafranca.com\\\/index.php\\\/2025\\\/11\\\/05\\\/espana-alemania-francia-e-italia-se-comprometen-a-impulsar-la-competitividad-de-la-industria-europea\\\/#article\",\"isPartOf\":{\"@id\":\"https:\\\/\\\/sevillazonafranca.com\\\/index.php\\\/2025\\\/11\\\/05\\\/espana-alemania-francia-e-italia-se-comprometen-a-impulsar-la-competitividad-de-la-industria-europea\\\/\"},\"author\":{\"name\":\"Zona Franca\",\"@id\":\"https:\\\/\\\/sevillazonafranca.com\\\/#\\\/schema\\\/person\\\/efc2cc63448b239287f31e620f97c1ae\"},\"headline\":\"Espa\u00f1a, Alemania, Francia e Italia se comprometen a impulsar la competitividad de la industria europea\",\"datePublished\":\"2025-11-05T10:26:41+00:00\",\"dateModified\":\"2025-11-29T11:30:30+00:00\",\"mainEntityOfPage\":{\"@id\":\"https:\\\/\\\/sevillazonafranca.com\\\/index.php\\\/2025\\\/11\\\/05\\\/espana-alemania-francia-e-italia-se-comprometen-a-impulsar-la-competitividad-de-la-industria-europea\\\/\"},\"wordCount\":574,\"publisher\":{\"@id\":\"https:\\\/\\\/sevillazonafranca.com\\\/#organization\"},\"image\":{\"@id\":\"https:\\\/\\\/sevillazonafranca.com\\\/index.php\\\/2025\\\/11\\\/05\\\/espana-alemania-francia-e-italia-se-comprometen-a-impulsar-la-competitividad-de-la-industria-europea\\\/#primaryimage\"},\"thumbnailUrl\":\"https:\\\/\\\/sevillazonafranca.com\\\/wp-content\\\/uploads\\\/2025\\\/11\\\/Declaracion-Berlin-Industria.jpeg\",\"articleSection\":[\"Otras noticias\"],\"inLanguage\":\"es\"},{\"@type\":\"WebPage\",\"@id\":\"https:\\\/\\\/sevillazonafranca.com\\\/index.php\\\/2025\\\/11\\\/05\\\/espana-alemania-francia-e-italia-se-comprometen-a-impulsar-la-competitividad-de-la-industria-europea\\\/\",\"url\":\"https:\\\/\\\/sevillazonafranca.com\\\/index.php\\\/2025\\\/11\\\/05\\\/espana-alemania-francia-e-italia-se-comprometen-a-impulsar-la-competitividad-de-la-industria-europea\\\/\",\"name\":\"Espa\u00f1a, Alemania, Francia e Italia se comprometen a impulsar la competitividad de la industria europea - Zona Franca Sevilla\",\"isPartOf\":{\"@id\":\"https:\\\/\\\/sevillazonafranca.com\\\/#website\"},\"primaryImageOfPage\":{\"@id\":\"https:\\\/\\\/sevillazonafranca.com\\\/index.php\\\/2025\\\/11\\\/05\\\/espana-alemania-francia-e-italia-se-comprometen-a-impulsar-la-competitividad-de-la-industria-europea\\\/#primaryimage\"},\"image\":{\"@id\":\"https:\\\/\\\/sevillazonafranca.com\\\/index.php\\\/2025\\\/11\\\/05\\\/espana-alemania-francia-e-italia-se-comprometen-a-impulsar-la-competitividad-de-la-industria-europea\\\/#primaryimage\"},\"thumbnailUrl\":\"https:\\\/\\\/sevillazonafranca.com\\\/wp-content\\\/uploads\\\/2025\\\/11\\\/Declaracion-Berlin-Industria.jpeg\",\"datePublished\":\"2025-11-05T10:26:41+00:00\",\"dateModified\":\"2025-11-29T11:30:30+00:00\",\"breadcrumb\":{\"@id\":\"https:\\\/\\\/sevillazonafranca.com\\\/index.php\\\/2025\\\/11\\\/05\\\/espana-alemania-francia-e-italia-se-comprometen-a-impulsar-la-competitividad-de-la-industria-europea\\\/#breadcrumb\"},\"inLanguage\":\"es\",\"potentialAction\":[{\"@type\":\"ReadAction\",\"target\":[\"https:\\\/\\\/sevillazonafranca.com\\\/index.php\\\/2025\\\/11\\\/05\\\/espana-alemania-francia-e-italia-se-comprometen-a-impulsar-la-competitividad-de-la-industria-europea\\\/\"]}]},{\"@type\":\"ImageObject\",\"inLanguage\":\"es\",\"@id\":\"https:\\\/\\\/sevillazonafranca.com\\\/index.php\\\/2025\\\/11\\\/05\\\/espana-alemania-francia-e-italia-se-comprometen-a-impulsar-la-competitividad-de-la-industria-europea\\\/#primaryimage\",\"url\":\"https:\\\/\\\/sevillazonafranca.com\\\/wp-content\\\/uploads\\\/2025\\\/11\\\/Declaracion-Berlin-Industria.jpeg\",\"contentUrl\":\"https:\\\/\\\/sevillazonafranca.com\\\/wp-content\\\/uploads\\\/2025\\\/11\\\/Declaracion-Berlin-Industria.jpeg\",\"width\":1080,\"height\":810,\"caption\":\"El ministro de Industria y Turismo, Jordi Hereu, reunido con sus hom\u00f3logos europeos.\"},{\"@type\":\"BreadcrumbList\",\"@id\":\"https:\\\/\\\/sevillazonafranca.com\\\/index.php\\\/2025\\\/11\\\/05\\\/espana-alemania-francia-e-italia-se-comprometen-a-impulsar-la-competitividad-de-la-industria-europea\\\/#breadcrumb\",\"itemListElement\":[{\"@type\":\"ListItem\",\"position\":1,\"name\":\"Portada\",\"item\":\"https:\\\/\\\/sevillazonafranca.com\\\/\"},{\"@type\":\"ListItem\",\"position\":2,\"name\":\"Espa\u00f1a, Alemania, Francia e Italia se comprometen a impulsar la competitividad de la industria europea\"}]},{\"@type\":\"WebSite\",\"@id\":\"https:\\\/\\\/sevillazonafranca.com\\\/#website\",\"url\":\"https:\\\/\\\/sevillazonafranca.com\\\/\",\"name\":\"Zona Franca Sevilla\",\"description\":\"Web oficial de la Zona Franca de Sevilla. Impulsamos el desarrollo industrial y econ\u00f3mico de Sevilla y su territorio metropolitano.\",\"publisher\":{\"@id\":\"https:\\\/\\\/sevillazonafranca.com\\\/#organization\"},\"potentialAction\":[{\"@type\":\"SearchAction\",\"target\":{\"@type\":\"EntryPoint\",\"urlTemplate\":\"https:\\\/\\\/sevillazonafranca.com\\\/?s={search_term_string}\"},\"query-input\":{\"@type\":\"PropertyValueSpecification\",\"valueRequired\":true,\"valueName\":\"search_term_string\"}}],\"inLanguage\":\"es\"},{\"@type\":\"Organization\",\"@id\":\"https:\\\/\\\/sevillazonafranca.com\\\/#organization\",\"name\":\"Zona Franca Sevilla\",\"url\":\"https:\\\/\\\/sevillazonafranca.com\\\/\",\"logo\":{\"@type\":\"ImageObject\",\"inLanguage\":\"es\",\"@id\":\"https:\\\/\\\/sevillazonafranca.com\\\/#\\\/schema\\\/logo\\\/image\\\/\",\"url\":\"https:\\\/\\\/sevillazonafranca.com\\\/wp-content\\\/uploads\\\/2025\\\/04\\\/zonafrancasevilla-h-01.png\",\"contentUrl\":\"https:\\\/\\\/sevillazonafranca.com\\\/wp-content\\\/uploads\\\/2025\\\/04\\\/zonafrancasevilla-h-01.png\",\"width\":1000,\"height\":239,\"caption\":\"Zona Franca Sevilla\"},\"image\":{\"@id\":\"https:\\\/\\\/sevillazonafranca.com\\\/#\\\/schema\\\/logo\\\/image\\\/\"},\"sameAs\":[\"https:\\\/\\\/x.com\\\/SevillaZF\",\"https:\\\/\\\/www.instagram.com\\\/zonafrancasevilla\\\/\",\"http:\\\/\\\/linkedin.com\\\/company\\\/zona-franca-sevilla\"]},{\"@type\":\"Person\",\"@id\":\"https:\\\/\\\/sevillazonafranca.com\\\/#\\\/schema\\\/person\\\/efc2cc63448b239287f31e620f97c1ae\",\"name\":\"Zona Franca\",\"image\":{\"@type\":\"ImageObject\",\"inLanguage\":\"es\",\"@id\":\"https:\\\/\\\/secure.gravatar.com\\\/avatar\\\/dba226fbfba1c09d733a2bfcb0880b1a37f4a7f6bcc9c068f02bf44b40da8ac6?s=96&d=mm&r=g\",\"url\":\"https:\\\/\\\/secure.gravatar.com\\\/avatar\\\/dba226fbfba1c09d733a2bfcb0880b1a37f4a7f6bcc9c068f02bf44b40da8ac6?s=96&d=mm&r=g\",\"contentUrl\":\"https:\\\/\\\/secure.gravatar.com\\\/avatar\\\/dba226fbfba1c09d733a2bfcb0880b1a37f4a7f6bcc9c068f02bf44b40da8ac6?s=96&d=mm&r=g\",\"caption\":\"Zona Franca\"},\"sameAs\":[\"http:\\\/\\\/sevillazonafranca.com\"],\"url\":\"https:\\\/\\\/sevillazonafranca.com\\\/index.php\\\/author\\\/comunicacion\\\/\"}]}<\/script>\n<!-- \/ Yoast SEO plugin. -->","yoast_head_json":{"title":"Espa\u00f1a, Alemania, Francia e Italia se comprometen a impulsar la competitividad de la industria europea - Zona Franca Sevilla","robots":{"index":"index","follow":"follow","max-snippet":"max-snippet:-1","max-image-preview":"max-image-preview:large","max-video-preview":"max-video-preview:-1"},"canonical":"https:\/\/sevillazonafranca.com\/index.php\/2025\/11\/05\/espana-alemania-francia-e-italia-se-comprometen-a-impulsar-la-competitividad-de-la-industria-europea\/","og_locale":"es_ES","og_type":"article","og_title":"Espa\u00f1a, Alemania, Francia e Italia se comprometen a impulsar la competitividad de la industria europea - Zona Franca Sevilla","og_description":"La Declaraci\u00f3n de Berl\u00edn, nacida en el marco del recuperado encuentro ministerial de alto nivel \u2018Friends of Industry\u2019, se centra en la soberan\u00eda industrial, el liderazgo tecnol\u00f3gico, la descarbonizaci\u00f3n, las materias primas cr\u00edticas o la industria de Defensa","og_url":"https:\/\/sevillazonafranca.com\/index.php\/2025\/11\/05\/espana-alemania-francia-e-italia-se-comprometen-a-impulsar-la-competitividad-de-la-industria-europea\/","og_site_name":"Zona Franca Sevilla","article_published_time":"2025-11-05T10:26:41+00:00","article_modified_time":"2025-11-29T11:30:30+00:00","og_image":[{"width":1080,"height":810,"url":"https:\/\/sevillazonafranca.com\/wp-content\/uploads\/2025\/11\/Declaracion-Berlin-Industria.jpeg","type":"image\/jpeg"}],"author":"Zona Franca","twitter_card":"summary_large_image","twitter_creator":"@SevillaZF","twitter_site":"@SevillaZF","twitter_misc":{"Escrito por":"Zona Franca","Tiempo de lectura":"3 minutos"},"schema":{"@context":"https:\/\/schema.org","@graph":[{"@type":"Article","@id":"https:\/\/sevillazonafranca.com\/index.php\/2025\/11\/05\/espana-alemania-francia-e-italia-se-comprometen-a-impulsar-la-competitividad-de-la-industria-europea\/#article","isPartOf":{"@id":"https:\/\/sevillazonafranca.com\/index.php\/2025\/11\/05\/espana-alemania-francia-e-italia-se-comprometen-a-impulsar-la-competitividad-de-la-industria-europea\/"},"author":{"name":"Zona Franca","@id":"https:\/\/sevillazonafranca.com\/#\/schema\/person\/efc2cc63448b239287f31e620f97c1ae"},"headline":"Espa\u00f1a, Alemania, Francia e Italia se comprometen a impulsar la competitividad de la industria europea","datePublished":"2025-11-05T10:26:41+00:00","dateModified":"2025-11-29T11:30:30+00:00","mainEntityOfPage":{"@id":"https:\/\/sevillazonafranca.com\/index.php\/2025\/11\/05\/espana-alemania-francia-e-italia-se-comprometen-a-impulsar-la-competitividad-de-la-industria-europea\/"},"wordCount":574,"publisher":{"@id":"https:\/\/sevillazonafranca.com\/#organization"},"image":{"@id":"https:\/\/sevillazonafranca.com\/index.php\/2025\/11\/05\/espana-alemania-francia-e-italia-se-comprometen-a-impulsar-la-competitividad-de-la-industria-europea\/#primaryimage"},"thumbnailUrl":"https:\/\/sevillazonafranca.com\/wp-content\/uploads\/2025\/11\/Declaracion-Berlin-Industria.jpeg","articleSection":["Otras noticias"],"inLanguage":"es"},{"@type":"WebPage","@id":"https:\/\/sevillazonafranca.com\/index.php\/2025\/11\/05\/espana-alemania-francia-e-italia-se-comprometen-a-impulsar-la-competitividad-de-la-industria-europea\/","url":"https:\/\/sevillazonafranca.com\/index.php\/2025\/11\/05\/espana-alemania-francia-e-italia-se-comprometen-a-impulsar-la-competitividad-de-la-industria-europea\/","name":"Espa\u00f1a, Alemania, Francia e Italia se comprometen a impulsar la competitividad de la industria europea - Zona Franca Sevilla","isPartOf":{"@id":"https:\/\/sevillazonafranca.com\/#website"},"primaryImageOfPage":{"@id":"https:\/\/sevillazonafranca.com\/index.php\/2025\/11\/05\/espana-alemania-francia-e-italia-se-comprometen-a-impulsar-la-competitividad-de-la-industria-europea\/#primaryimage"},"image":{"@id":"https:\/\/sevillazonafranca.com\/index.php\/2025\/11\/05\/espana-alemania-francia-e-italia-se-comprometen-a-impulsar-la-competitividad-de-la-industria-europea\/#primaryimage"},"thumbnailUrl":"https:\/\/sevillazonafranca.com\/wp-content\/uploads\/2025\/11\/Declaracion-Berlin-Industria.jpeg","datePublished":"2025-11-05T10:26:41+00:00","dateModified":"2025-11-29T11:30:30+00:00","breadcrumb":{"@id":"https:\/\/sevillazonafranca.com\/index.php\/2025\/11\/05\/espana-alemania-francia-e-italia-se-comprometen-a-impulsar-la-competitividad-de-la-industria-europea\/#breadcrumb"},"inLanguage":"es","potentialAction":[{"@type":"ReadAction","target":["https:\/\/sevillazonafranca.com\/index.php\/2025\/11\/05\/espana-alemania-francia-e-italia-se-comprometen-a-impulsar-la-competitividad-de-la-industria-europea\/"]}]},{"@type":"ImageObject","inLanguage":"es","@id":"https:\/\/sevillazonafranca.com\/index.php\/2025\/11\/05\/espana-alemania-francia-e-italia-se-comprometen-a-impulsar-la-competitividad-de-la-industria-europea\/#primaryimage","url":"https:\/\/sevillazonafranca.com\/wp-content\/uploads\/2025\/11\/Declaracion-Berlin-Industria.jpeg","contentUrl":"https:\/\/sevillazonafranca.com\/wp-content\/uploads\/2025\/11\/Declaracion-Berlin-Industria.jpeg","width":1080,"height":810,"caption":"El ministro de Industria y Turismo, Jordi Hereu, reunido con sus hom\u00f3logos europeos."},{"@type":"BreadcrumbList","@id":"https:\/\/sevillazonafranca.com\/index.php\/2025\/11\/05\/espana-alemania-francia-e-italia-se-comprometen-a-impulsar-la-competitividad-de-la-industria-europea\/#breadcrumb","itemListElement":[{"@type":"ListItem","position":1,"name":"Portada","item":"https:\/\/sevillazonafranca.com\/"},{"@type":"ListItem","position":2,"name":"Espa\u00f1a, Alemania, Francia e Italia se comprometen a impulsar la competitividad de la industria europea"}]},{"@type":"WebSite","@id":"https:\/\/sevillazonafranca.com\/#website","url":"https:\/\/sevillazonafranca.com\/","name":"Zona Franca Sevilla","description":"Web oficial de la Zona Franca de Sevilla. Impulsamos el desarrollo industrial y econ\u00f3mico de Sevilla y su territorio metropolitano.","publisher":{"@id":"https:\/\/sevillazonafranca.com\/#organization"},"potentialAction":[{"@type":"SearchAction","target":{"@type":"EntryPoint","urlTemplate":"https:\/\/sevillazonafranca.com\/?s={search_term_string}"},"query-input":{"@type":"PropertyValueSpecification","valueRequired":true,"valueName":"search_term_string"}}],"inLanguage":"es"},{"@type":"Organization","@id":"https:\/\/sevillazonafranca.com\/#organization","name":"Zona Franca Sevilla","url":"https:\/\/sevillazonafranca.com\/","logo":{"@type":"ImageObject","inLanguage":"es","@id":"https:\/\/sevillazonafranca.com\/#\/schema\/logo\/image\/","url":"https:\/\/sevillazonafranca.com\/wp-content\/uploads\/2025\/04\/zonafrancasevilla-h-01.png","contentUrl":"https:\/\/sevillazonafranca.com\/wp-content\/uploads\/2025\/04\/zonafrancasevilla-h-01.png","width":1000,"height":239,"caption":"Zona Franca Sevilla"},"image":{"@id":"https:\/\/sevillazonafranca.com\/#\/schema\/logo\/image\/"},"sameAs":["https:\/\/x.com\/SevillaZF","https:\/\/www.instagram.com\/zonafrancasevilla\/","http:\/\/linkedin.com\/company\/zona-franca-sevilla"]},{"@type":"Person","@id":"https:\/\/sevillazonafranca.com\/#\/schema\/person\/efc2cc63448b239287f31e620f97c1ae","name":"Zona Franca","image":{"@type":"ImageObject","inLanguage":"es","@id":"https:\/\/secure.gravatar.com\/avatar\/dba226fbfba1c09d733a2bfcb0880b1a37f4a7f6bcc9c068f02bf44b40da8ac6?s=96&d=mm&r=g","url":"https:\/\/secure.gravatar.com\/avatar\/dba226fbfba1c09d733a2bfcb0880b1a37f4a7f6bcc9c068f02bf44b40da8ac6?s=96&d=mm&r=g","contentUrl":"https:\/\/secure.gravatar.com\/avatar\/dba226fbfba1c09d733a2bfcb0880b1a37f4a7f6bcc9c068f02bf44b40da8ac6?s=96&d=mm&r=g","caption":"Zona Franca"},"sameAs":["http:\/\/sevillazonafranca.com"],"url":"https:\/\/sevillazonafranca.com\/index.php\/author\/comunicacion\/"}]}},"_links":{"self":[{"href":"https:\/\/sevillazonafranca.com\/index.php\/wp-json\/wp\/v2\/posts\/25426","targetHints":{"allow":["GET"]}}],"collection":[{"href":"https:\/\/sevillazonafranca.com\/index.php\/wp-json\/wp\/v2\/posts"}],"about":[{"href":"https:\/\/sevillazonafranca.com\/index.php\/wp-json\/wp\/v2\/types\/post"}],"author":[{"embeddable":true,"href":"https:\/\/sevillazonafranca.com\/index.php\/wp-json\/wp\/v2\/users\/2"}],"replies":[{"embeddable":true,"href":"https:\/\/sevillazonafranca.com\/index.php\/wp-json\/wp\/v2\/comments?post=25426"}],"version-history":[{"count":1,"href":"https:\/\/sevillazonafranca.com\/index.php\/wp-json\/wp\/v2\/posts\/25426\/revisions"}],"predecessor-version":[{"id":25428,"href":"https:\/\/sevillazonafranca.com\/index.php\/wp-json\/wp\/v2\/posts\/25426\/revisions\/25428"}],"wp:featuredmedia":[{"embeddable":true,"href":"https:\/\/sevillazonafranca.com\/index.php\/wp-json\/wp\/v2\/media\/25427"}],"wp:attachment":[{"href":"https:\/\/sevillazonafranca.com\/index.php\/wp-json\/wp\/v2\/media?parent=25426"}],"wp:term":[{"taxonomy":"category","embeddable":true,"href":"https:\/\/sevillazonafranca.com\/index.php\/wp-json\/wp\/v2\/categories?post=25426"},{"taxonomy":"post_tag","embeddable":true,"href":"https:\/\/sevillazonafranca.com\/index.php\/wp-json\/wp\/v2\/tags?post=25426"}],"curies":[{"name":"wp","href":"https:\/\/api.w.org\/{rel}","templated":true}]}}