{"id":25433,"date":"2025-11-12T09:12:30","date_gmt":"2025-11-12T08:12:30","guid":{"rendered":"https:\/\/sevillazonafranca.com\/?p=25433"},"modified":"2025-11-29T12:30:37","modified_gmt":"2025-11-29T11:30:37","slug":"la-diputacion-de-sevilla-y-la-zona-franca-estudian-acciones-colaborativas-que-amplien-oportunidades-a-empresas-de-la-provincia","status":"publish","type":"post","link":"https:\/\/sevillazonafranca.com\/index.php\/2025\/11\/12\/la-diputacion-de-sevilla-y-la-zona-franca-estudian-acciones-colaborativas-que-amplien-oportunidades-a-empresas-de-la-provincia\/","title":{"rendered":"La Diputaci\u00f3n de Sevilla y la Zona Franca estudian acciones colaborativas que ampl\u00eden oportunidades a empresas de la provincia"},"content":{"rendered":"\n<p>El diputado provincial de Servicios P\u00fablicos Supramunicipales, Gonzalo Dom\u00ednguez, ha visitado junto a Carmen Tovar, delegada del Estado para la Zona Franca de Sevilla, el recinto de este parque empresarial de excelencia, ubicado en el \u00e1rea industrial del puerto, y ambos han mostrado la <strong>disposici\u00f3n a estudiar acciones colaborativas de la Diputaci\u00f3n y la Zona Franca<\/strong> para que \u201clas empresas de la provincia puedan crecer al abrigo de esta oportunidad, en un entorno log\u00edstico privilegiado, como es el \u00e1rea industrial del puerto\u201d.<\/p>\n\n\n\n<p>La delegada ha trasladado la <strong>apuesta del Gobierno de Espa\u00f1a por este parque empresarial en fase de promoci\u00f3n e impulso,<\/strong> que ya alberga 16 empresas sevillanas de marcada vocaci\u00f3n internacional, aprovechando el especial r\u00e9gimen fiscal y aduanero del \u00fanico puerto mar\u00edtimo de interior del pa\u00eds, dotado de una zona franca.<\/p>\n\n\n\n<p><br>La Zona Franca de Sevilla es una <strong>entidad de derecho p\u00fablico dependiente del Ministerio de Hacienda, con un r\u00e9gimen fiscal y aduanero especial, configurando un espacio de excelencia industrial para Sevilla y su zona de influencia.<\/strong> Actualmente, ocupa una extensi\u00f3n de 125 hect\u00e1reas ubicadas en terrenos del Puerto de Sevilla, desplegadas en la Carretera de la Esclusa en el Pol\u00edgono Torrecu\u00e9llar (espacio inicial) y, tras la ampliaci\u00f3n de 2019, el Pol\u00edgono Astilleros (antiguo recinto de Astilleros Elcano de Sevilla).<\/p>\n\n\n\n<p>Entre sus principales objetivos figuran el <strong>impulso industrial y la dinamizaci\u00f3n econ\u00f3mica y comercial<\/strong> de Sevilla y de su \u00e1rea metropolitana.<\/p>\n\n\n\n<p>Fuente: <a href=\"https:\/\/www.dipusevilla.es\/comunicacion\/noticias\/La-Diputacion-y-la-Zona-Franca-de-Sevilla-estudian-acciones-colaborativas-que-amplien-oportunidades-a-empresas-de-la-provincia\/\">Diputaci\u00f3n de Sevilla.<\/a><\/p>\n","protected":false},"excerpt":{"rendered":"<p>Ambas partes tienen entre sus principales objetivos el impulso industrial y la dinamizaci\u00f3n econ\u00f3mica y comercial de Sevilla y de su \u00e1rea metropolitana<\/p>\n","protected":false},"author":2,"featured_media":25434,"comment_status":"closed","ping_status":"open","sticky":false,"template":"","format":"standard","meta":{"_et_pb_use_builder":"off","_et_pb_old_content":"","_et_gb_content_width":"","footnotes":""},"categories":[8],"tags":[18,38,21,16,15],"class_list":["post-25433","post","type-post","status-publish","format-standard","has-post-thumbnail","hentry","category-actualidad","tag-alianzas-estrategicas","tag-diputacion-de-sevilla","tag-gobierno-de-espana","tag-impulso-economico","tag-zona-franca-sevilla"],"yoast_head":"<!-- This site is optimized with the Yoast SEO plugin v27.3 - https:\/\/yoast.com\/product\/yoast-seo-wordpress\/ -->\n<title>La Diputaci\u00f3n de Sevilla y la Zona Franca estudian acciones colaborativas que ampl\u00eden oportunidades a empresas de la provincia - Zona Franca Sevilla<\/title>\n<meta name=\"robots\" content=\"index, follow, max-snippet:-1, max-image-preview:large, max-video-preview:-1\" \/>\n<link rel=\"canonical\" href=\"https:\/\/sevillazonafranca.com\/index.php\/2025\/11\/12\/la-diputacion-de-sevilla-y-la-zona-franca-estudian-acciones-colaborativas-que-amplien-oportunidades-a-empresas-de-la-provincia\/\" \/>\n<meta property=\"og:locale\" content=\"es_ES\" \/>\n<meta property=\"og:type\" content=\"article\" \/>\n<meta property=\"og:title\" content=\"La Diputaci\u00f3n de Sevilla y la Zona Franca estudian acciones colaborativas que ampl\u00eden oportunidades a empresas de la provincia - Zona Franca Sevilla\" \/>\n<meta property=\"og:description\" content=\"Ambas partes tienen entre sus principales objetivos el impulso industrial y la dinamizaci\u00f3n econ\u00f3mica y comercial de Sevilla y de su \u00e1rea metropolitana\" \/>\n<meta property=\"og:url\" content=\"https:\/\/sevillazonafranca.com\/index.php\/2025\/11\/12\/la-diputacion-de-sevilla-y-la-zona-franca-estudian-acciones-colaborativas-que-amplien-oportunidades-a-empresas-de-la-provincia\/\" \/>\n<meta property=\"og:site_name\" content=\"Zona Franca Sevilla\" \/>\n<meta property=\"article:published_time\" content=\"2025-11-12T08:12:30+00:00\" \/>\n<meta property=\"article:modified_time\" content=\"2025-11-29T11:30:37+00:00\" \/>\n<meta property=\"og:image\" content=\"https:\/\/sevillazonafranca.com\/wp-content\/uploads\/2025\/11\/251107_Visita_ZFS_DipuSev.jpeg\" \/>\n\t<meta property=\"og:image:width\" content=\"1440\" \/>\n\t<meta property=\"og:image:height\" content=\"960\" \/>\n\t<meta property=\"og:image:type\" content=\"image\/jpeg\" \/>\n<meta name=\"author\" content=\"Zona Franca\" \/>\n<meta name=\"twitter:card\" content=\"summary_large_image\" \/>\n<meta name=\"twitter:creator\" content=\"@SevillaZF\" \/>\n<meta name=\"twitter:site\" content=\"@SevillaZF\" \/>\n<meta name=\"twitter:label1\" content=\"Escrito por\" \/>\n\t<meta name=\"twitter:data1\" content=\"Zona Franca\" \/>\n\t<meta name=\"twitter:label2\" content=\"Tiempo de lectura\" \/>\n\t<meta name=\"twitter:data2\" content=\"2 minutos\" \/>\n<script type=\"application\/ld+json\" class=\"yoast-schema-graph\">{\"@context\":\"https:\\\/\\\/schema.org\",\"@graph\":[{\"@type\":\"Article\",\"@id\":\"https:\\\/\\\/sevillazonafranca.com\\\/index.php\\\/2025\\\/11\\\/12\\\/la-diputacion-de-sevilla-y-la-zona-franca-estudian-acciones-colaborativas-que-amplien-oportunidades-a-empresas-de-la-provincia\\\/#article\",\"isPartOf\":{\"@id\":\"https:\\\/\\\/sevillazonafranca.com\\\/index.php\\\/2025\\\/11\\\/12\\\/la-diputacion-de-sevilla-y-la-zona-franca-estudian-acciones-colaborativas-que-amplien-oportunidades-a-empresas-de-la-provincia\\\/\"},\"author\":{\"name\":\"Zona Franca\",\"@id\":\"https:\\\/\\\/sevillazonafranca.com\\\/#\\\/schema\\\/person\\\/efc2cc63448b239287f31e620f97c1ae\"},\"headline\":\"La Diputaci\u00f3n de Sevilla y la Zona Franca estudian acciones colaborativas que ampl\u00eden oportunidades a empresas de la provincia\",\"datePublished\":\"2025-11-12T08:12:30+00:00\",\"dateModified\":\"2025-11-29T11:30:37+00:00\",\"mainEntityOfPage\":{\"@id\":\"https:\\\/\\\/sevillazonafranca.com\\\/index.php\\\/2025\\\/11\\\/12\\\/la-diputacion-de-sevilla-y-la-zona-franca-estudian-acciones-colaborativas-que-amplien-oportunidades-a-empresas-de-la-provincia\\\/\"},\"wordCount\":276,\"publisher\":{\"@id\":\"https:\\\/\\\/sevillazonafranca.com\\\/#organization\"},\"image\":{\"@id\":\"https:\\\/\\\/sevillazonafranca.com\\\/index.php\\\/2025\\\/11\\\/12\\\/la-diputacion-de-sevilla-y-la-zona-franca-estudian-acciones-colaborativas-que-amplien-oportunidades-a-empresas-de-la-provincia\\\/#primaryimage\"},\"thumbnailUrl\":\"https:\\\/\\\/sevillazonafranca.com\\\/wp-content\\\/uploads\\\/2025\\\/11\\\/251107_Visita_ZFS_DipuSev.jpeg\",\"keywords\":[\"alianzas estrat\u00e9gicas\",\"diputaci\u00f3n de sevilla\",\"gobierno de espa\u00f1a\",\"impulso econ\u00f3mico\",\"zona franca sevilla\"],\"articleSection\":[\"Actualidad ZFS\"],\"inLanguage\":\"es\"},{\"@type\":\"WebPage\",\"@id\":\"https:\\\/\\\/sevillazonafranca.com\\\/index.php\\\/2025\\\/11\\\/12\\\/la-diputacion-de-sevilla-y-la-zona-franca-estudian-acciones-colaborativas-que-amplien-oportunidades-a-empresas-de-la-provincia\\\/\",\"url\":\"https:\\\/\\\/sevillazonafranca.com\\\/index.php\\\/2025\\\/11\\\/12\\\/la-diputacion-de-sevilla-y-la-zona-franca-estudian-acciones-colaborativas-que-amplien-oportunidades-a-empresas-de-la-provincia\\\/\",\"name\":\"La Diputaci\u00f3n de Sevilla y la Zona Franca estudian acciones colaborativas que ampl\u00eden oportunidades a empresas de la provincia - Zona Franca Sevilla\",\"isPartOf\":{\"@id\":\"https:\\\/\\\/sevillazonafranca.com\\\/#website\"},\"primaryImageOfPage\":{\"@id\":\"https:\\\/\\\/sevillazonafranca.com\\\/index.php\\\/2025\\\/11\\\/12\\\/la-diputacion-de-sevilla-y-la-zona-franca-estudian-acciones-colaborativas-que-amplien-oportunidades-a-empresas-de-la-provincia\\\/#primaryimage\"},\"image\":{\"@id\":\"https:\\\/\\\/sevillazonafranca.com\\\/index.php\\\/2025\\\/11\\\/12\\\/la-diputacion-de-sevilla-y-la-zona-franca-estudian-acciones-colaborativas-que-amplien-oportunidades-a-empresas-de-la-provincia\\\/#primaryimage\"},\"thumbnailUrl\":\"https:\\\/\\\/sevillazonafranca.com\\\/wp-content\\\/uploads\\\/2025\\\/11\\\/251107_Visita_ZFS_DipuSev.jpeg\",\"datePublished\":\"2025-11-12T08:12:30+00:00\",\"dateModified\":\"2025-11-29T11:30:37+00:00\",\"breadcrumb\":{\"@id\":\"https:\\\/\\\/sevillazonafranca.com\\\/index.php\\\/2025\\\/11\\\/12\\\/la-diputacion-de-sevilla-y-la-zona-franca-estudian-acciones-colaborativas-que-amplien-oportunidades-a-empresas-de-la-provincia\\\/#breadcrumb\"},\"inLanguage\":\"es\",\"potentialAction\":[{\"@type\":\"ReadAction\",\"target\":[\"https:\\\/\\\/sevillazonafranca.com\\\/index.php\\\/2025\\\/11\\\/12\\\/la-diputacion-de-sevilla-y-la-zona-franca-estudian-acciones-colaborativas-que-amplien-oportunidades-a-empresas-de-la-provincia\\\/\"]}]},{\"@type\":\"ImageObject\",\"inLanguage\":\"es\",\"@id\":\"https:\\\/\\\/sevillazonafranca.com\\\/index.php\\\/2025\\\/11\\\/12\\\/la-diputacion-de-sevilla-y-la-zona-franca-estudian-acciones-colaborativas-que-amplien-oportunidades-a-empresas-de-la-provincia\\\/#primaryimage\",\"url\":\"https:\\\/\\\/sevillazonafranca.com\\\/wp-content\\\/uploads\\\/2025\\\/11\\\/251107_Visita_ZFS_DipuSev.jpeg\",\"contentUrl\":\"https:\\\/\\\/sevillazonafranca.com\\\/wp-content\\\/uploads\\\/2025\\\/11\\\/251107_Visita_ZFS_DipuSev.jpeg\",\"width\":1440,\"height\":960,\"caption\":\"Carmen Tovar y Gonzalo Dom\u00ednguez durante su visita a la Zona Franca de Sevilla\"},{\"@type\":\"BreadcrumbList\",\"@id\":\"https:\\\/\\\/sevillazonafranca.com\\\/index.php\\\/2025\\\/11\\\/12\\\/la-diputacion-de-sevilla-y-la-zona-franca-estudian-acciones-colaborativas-que-amplien-oportunidades-a-empresas-de-la-provincia\\\/#breadcrumb\",\"itemListElement\":[{\"@type\":\"ListItem\",\"position\":1,\"name\":\"Portada\",\"item\":\"https:\\\/\\\/sevillazonafranca.com\\\/\"},{\"@type\":\"ListItem\",\"position\":2,\"name\":\"La Diputaci\u00f3n de Sevilla y la Zona Franca estudian acciones colaborativas que ampl\u00eden oportunidades a empresas de la provincia\"}]},{\"@type\":\"WebSite\",\"@id\":\"https:\\\/\\\/sevillazonafranca.com\\\/#website\",\"url\":\"https:\\\/\\\/sevillazonafranca.com\\\/\",\"name\":\"Zona Franca Sevilla\",\"description\":\"Web oficial de la Zona Franca de Sevilla. Impulsamos el desarrollo industrial y econ\u00f3mico de Sevilla y su territorio metropolitano.\",\"publisher\":{\"@id\":\"https:\\\/\\\/sevillazonafranca.com\\\/#organization\"},\"potentialAction\":[{\"@type\":\"SearchAction\",\"target\":{\"@type\":\"EntryPoint\",\"urlTemplate\":\"https:\\\/\\\/sevillazonafranca.com\\\/?s={search_term_string}\"},\"query-input\":{\"@type\":\"PropertyValueSpecification\",\"valueRequired\":true,\"valueName\":\"search_term_string\"}}],\"inLanguage\":\"es\"},{\"@type\":\"Organization\",\"@id\":\"https:\\\/\\\/sevillazonafranca.com\\\/#organization\",\"name\":\"Zona Franca Sevilla\",\"url\":\"https:\\\/\\\/sevillazonafranca.com\\\/\",\"logo\":{\"@type\":\"ImageObject\",\"inLanguage\":\"es\",\"@id\":\"https:\\\/\\\/sevillazonafranca.com\\\/#\\\/schema\\\/logo\\\/image\\\/\",\"url\":\"https:\\\/\\\/sevillazonafranca.com\\\/wp-content\\\/uploads\\\/2025\\\/04\\\/zonafrancasevilla-h-01.png\",\"contentUrl\":\"https:\\\/\\\/sevillazonafranca.com\\\/wp-content\\\/uploads\\\/2025\\\/04\\\/zonafrancasevilla-h-01.png\",\"width\":1000,\"height\":239,\"caption\":\"Zona Franca Sevilla\"},\"image\":{\"@id\":\"https:\\\/\\\/sevillazonafranca.com\\\/#\\\/schema\\\/logo\\\/image\\\/\"},\"sameAs\":[\"https:\\\/\\\/x.com\\\/SevillaZF\",\"https:\\\/\\\/www.instagram.com\\\/zonafrancasevilla\\\/\",\"http:\\\/\\\/linkedin.com\\\/company\\\/zona-franca-sevilla\"]},{\"@type\":\"Person\",\"@id\":\"https:\\\/\\\/sevillazonafranca.com\\\/#\\\/schema\\\/person\\\/efc2cc63448b239287f31e620f97c1ae\",\"name\":\"Zona Franca\",\"image\":{\"@type\":\"ImageObject\",\"inLanguage\":\"es\",\"@id\":\"https:\\\/\\\/secure.gravatar.com\\\/avatar\\\/dba226fbfba1c09d733a2bfcb0880b1a37f4a7f6bcc9c068f02bf44b40da8ac6?s=96&d=mm&r=g\",\"url\":\"https:\\\/\\\/secure.gravatar.com\\\/avatar\\\/dba226fbfba1c09d733a2bfcb0880b1a37f4a7f6bcc9c068f02bf44b40da8ac6?s=96&d=mm&r=g\",\"contentUrl\":\"https:\\\/\\\/secure.gravatar.com\\\/avatar\\\/dba226fbfba1c09d733a2bfcb0880b1a37f4a7f6bcc9c068f02bf44b40da8ac6?s=96&d=mm&r=g\",\"caption\":\"Zona Franca\"},\"sameAs\":[\"http:\\\/\\\/sevillazonafranca.com\"],\"url\":\"https:\\\/\\\/sevillazonafranca.com\\\/index.php\\\/author\\\/comunicacion\\\/\"}]}<\/script>\n<!-- \/ Yoast SEO plugin. -->","yoast_head_json":{"title":"La Diputaci\u00f3n de Sevilla y la Zona Franca estudian acciones colaborativas que ampl\u00eden oportunidades a empresas de la provincia - Zona Franca Sevilla","robots":{"index":"index","follow":"follow","max-snippet":"max-snippet:-1","max-image-preview":"max-image-preview:large","max-video-preview":"max-video-preview:-1"},"canonical":"https:\/\/sevillazonafranca.com\/index.php\/2025\/11\/12\/la-diputacion-de-sevilla-y-la-zona-franca-estudian-acciones-colaborativas-que-amplien-oportunidades-a-empresas-de-la-provincia\/","og_locale":"es_ES","og_type":"article","og_title":"La Diputaci\u00f3n de Sevilla y la Zona Franca estudian acciones colaborativas que ampl\u00eden oportunidades a empresas de la provincia - Zona Franca Sevilla","og_description":"Ambas partes tienen entre sus principales objetivos el impulso industrial y la dinamizaci\u00f3n econ\u00f3mica y comercial de Sevilla y de su \u00e1rea metropolitana","og_url":"https:\/\/sevillazonafranca.com\/index.php\/2025\/11\/12\/la-diputacion-de-sevilla-y-la-zona-franca-estudian-acciones-colaborativas-que-amplien-oportunidades-a-empresas-de-la-provincia\/","og_site_name":"Zona Franca Sevilla","article_published_time":"2025-11-12T08:12:30+00:00","article_modified_time":"2025-11-29T11:30:37+00:00","og_image":[{"width":1440,"height":960,"url":"https:\/\/sevillazonafranca.com\/wp-content\/uploads\/2025\/11\/251107_Visita_ZFS_DipuSev.jpeg","type":"image\/jpeg"}],"author":"Zona Franca","twitter_card":"summary_large_image","twitter_creator":"@SevillaZF","twitter_site":"@SevillaZF","twitter_misc":{"Escrito por":"Zona Franca","Tiempo de lectura":"2 minutos"},"schema":{"@context":"https:\/\/schema.org","@graph":[{"@type":"Article","@id":"https:\/\/sevillazonafranca.com\/index.php\/2025\/11\/12\/la-diputacion-de-sevilla-y-la-zona-franca-estudian-acciones-colaborativas-que-amplien-oportunidades-a-empresas-de-la-provincia\/#article","isPartOf":{"@id":"https:\/\/sevillazonafranca.com\/index.php\/2025\/11\/12\/la-diputacion-de-sevilla-y-la-zona-franca-estudian-acciones-colaborativas-que-amplien-oportunidades-a-empresas-de-la-provincia\/"},"author":{"name":"Zona Franca","@id":"https:\/\/sevillazonafranca.com\/#\/schema\/person\/efc2cc63448b239287f31e620f97c1ae"},"headline":"La Diputaci\u00f3n de Sevilla y la Zona Franca estudian acciones colaborativas que ampl\u00eden oportunidades a empresas de la provincia","datePublished":"2025-11-12T08:12:30+00:00","dateModified":"2025-11-29T11:30:37+00:00","mainEntityOfPage":{"@id":"https:\/\/sevillazonafranca.com\/index.php\/2025\/11\/12\/la-diputacion-de-sevilla-y-la-zona-franca-estudian-acciones-colaborativas-que-amplien-oportunidades-a-empresas-de-la-provincia\/"},"wordCount":276,"publisher":{"@id":"https:\/\/sevillazonafranca.com\/#organization"},"image":{"@id":"https:\/\/sevillazonafranca.com\/index.php\/2025\/11\/12\/la-diputacion-de-sevilla-y-la-zona-franca-estudian-acciones-colaborativas-que-amplien-oportunidades-a-empresas-de-la-provincia\/#primaryimage"},"thumbnailUrl":"https:\/\/sevillazonafranca.com\/wp-content\/uploads\/2025\/11\/251107_Visita_ZFS_DipuSev.jpeg","keywords":["alianzas estrat\u00e9gicas","diputaci\u00f3n de sevilla","gobierno de espa\u00f1a","impulso econ\u00f3mico","zona franca sevilla"],"articleSection":["Actualidad ZFS"],"inLanguage":"es"},{"@type":"WebPage","@id":"https:\/\/sevillazonafranca.com\/index.php\/2025\/11\/12\/la-diputacion-de-sevilla-y-la-zona-franca-estudian-acciones-colaborativas-que-amplien-oportunidades-a-empresas-de-la-provincia\/","url":"https:\/\/sevillazonafranca.com\/index.php\/2025\/11\/12\/la-diputacion-de-sevilla-y-la-zona-franca-estudian-acciones-colaborativas-que-amplien-oportunidades-a-empresas-de-la-provincia\/","name":"La Diputaci\u00f3n de Sevilla y la Zona Franca estudian acciones colaborativas que ampl\u00eden oportunidades a empresas de la provincia - Zona Franca Sevilla","isPartOf":{"@id":"https:\/\/sevillazonafranca.com\/#website"},"primaryImageOfPage":{"@id":"https:\/\/sevillazonafranca.com\/index.php\/2025\/11\/12\/la-diputacion-de-sevilla-y-la-zona-franca-estudian-acciones-colaborativas-que-amplien-oportunidades-a-empresas-de-la-provincia\/#primaryimage"},"image":{"@id":"https:\/\/sevillazonafranca.com\/index.php\/2025\/11\/12\/la-diputacion-de-sevilla-y-la-zona-franca-estudian-acciones-colaborativas-que-amplien-oportunidades-a-empresas-de-la-provincia\/#primaryimage"},"thumbnailUrl":"https:\/\/sevillazonafranca.com\/wp-content\/uploads\/2025\/11\/251107_Visita_ZFS_DipuSev.jpeg","datePublished":"2025-11-12T08:12:30+00:00","dateModified":"2025-11-29T11:30:37+00:00","breadcrumb":{"@id":"https:\/\/sevillazonafranca.com\/index.php\/2025\/11\/12\/la-diputacion-de-sevilla-y-la-zona-franca-estudian-acciones-colaborativas-que-amplien-oportunidades-a-empresas-de-la-provincia\/#breadcrumb"},"inLanguage":"es","potentialAction":[{"@type":"ReadAction","target":["https:\/\/sevillazonafranca.com\/index.php\/2025\/11\/12\/la-diputacion-de-sevilla-y-la-zona-franca-estudian-acciones-colaborativas-que-amplien-oportunidades-a-empresas-de-la-provincia\/"]}]},{"@type":"ImageObject","inLanguage":"es","@id":"https:\/\/sevillazonafranca.com\/index.php\/2025\/11\/12\/la-diputacion-de-sevilla-y-la-zona-franca-estudian-acciones-colaborativas-que-amplien-oportunidades-a-empresas-de-la-provincia\/#primaryimage","url":"https:\/\/sevillazonafranca.com\/wp-content\/uploads\/2025\/11\/251107_Visita_ZFS_DipuSev.jpeg","contentUrl":"https:\/\/sevillazonafranca.com\/wp-content\/uploads\/2025\/11\/251107_Visita_ZFS_DipuSev.jpeg","width":1440,"height":960,"caption":"Carmen Tovar y Gonzalo Dom\u00ednguez durante su visita a la Zona Franca de Sevilla"},{"@type":"BreadcrumbList","@id":"https:\/\/sevillazonafranca.com\/index.php\/2025\/11\/12\/la-diputacion-de-sevilla-y-la-zona-franca-estudian-acciones-colaborativas-que-amplien-oportunidades-a-empresas-de-la-provincia\/#breadcrumb","itemListElement":[{"@type":"ListItem","position":1,"name":"Portada","item":"https:\/\/sevillazonafranca.com\/"},{"@type":"ListItem","position":2,"name":"La Diputaci\u00f3n de Sevilla y la Zona Franca estudian acciones colaborativas que ampl\u00eden oportunidades a empresas de la provincia"}]},{"@type":"WebSite","@id":"https:\/\/sevillazonafranca.com\/#website","url":"https:\/\/sevillazonafranca.com\/","name":"Zona Franca Sevilla","description":"Web oficial de la Zona Franca de Sevilla. Impulsamos el desarrollo industrial y econ\u00f3mico de Sevilla y su territorio metropolitano.","publisher":{"@id":"https:\/\/sevillazonafranca.com\/#organization"},"potentialAction":[{"@type":"SearchAction","target":{"@type":"EntryPoint","urlTemplate":"https:\/\/sevillazonafranca.com\/?s={search_term_string}"},"query-input":{"@type":"PropertyValueSpecification","valueRequired":true,"valueName":"search_term_string"}}],"inLanguage":"es"},{"@type":"Organization","@id":"https:\/\/sevillazonafranca.com\/#organization","name":"Zona Franca Sevilla","url":"https:\/\/sevillazonafranca.com\/","logo":{"@type":"ImageObject","inLanguage":"es","@id":"https:\/\/sevillazonafranca.com\/#\/schema\/logo\/image\/","url":"https:\/\/sevillazonafranca.com\/wp-content\/uploads\/2025\/04\/zonafrancasevilla-h-01.png","contentUrl":"https:\/\/sevillazonafranca.com\/wp-content\/uploads\/2025\/04\/zonafrancasevilla-h-01.png","width":1000,"height":239,"caption":"Zona Franca Sevilla"},"image":{"@id":"https:\/\/sevillazonafranca.com\/#\/schema\/logo\/image\/"},"sameAs":["https:\/\/x.com\/SevillaZF","https:\/\/www.instagram.com\/zonafrancasevilla\/","http:\/\/linkedin.com\/company\/zona-franca-sevilla"]},{"@type":"Person","@id":"https:\/\/sevillazonafranca.com\/#\/schema\/person\/efc2cc63448b239287f31e620f97c1ae","name":"Zona Franca","image":{"@type":"ImageObject","inLanguage":"es","@id":"https:\/\/secure.gravatar.com\/avatar\/dba226fbfba1c09d733a2bfcb0880b1a37f4a7f6bcc9c068f02bf44b40da8ac6?s=96&d=mm&r=g","url":"https:\/\/secure.gravatar.com\/avatar\/dba226fbfba1c09d733a2bfcb0880b1a37f4a7f6bcc9c068f02bf44b40da8ac6?s=96&d=mm&r=g","contentUrl":"https:\/\/secure.gravatar.com\/avatar\/dba226fbfba1c09d733a2bfcb0880b1a37f4a7f6bcc9c068f02bf44b40da8ac6?s=96&d=mm&r=g","caption":"Zona Franca"},"sameAs":["http:\/\/sevillazonafranca.com"],"url":"https:\/\/sevillazonafranca.com\/index.php\/author\/comunicacion\/"}]}},"_links":{"self":[{"href":"https:\/\/sevillazonafranca.com\/index.php\/wp-json\/wp\/v2\/posts\/25433","targetHints":{"allow":["GET"]}}],"collection":[{"href":"https:\/\/sevillazonafranca.com\/index.php\/wp-json\/wp\/v2\/posts"}],"about":[{"href":"https:\/\/sevillazonafranca.com\/index.php\/wp-json\/wp\/v2\/types\/post"}],"author":[{"embeddable":true,"href":"https:\/\/sevillazonafranca.com\/index.php\/wp-json\/wp\/v2\/users\/2"}],"replies":[{"embeddable":true,"href":"https:\/\/sevillazonafranca.com\/index.php\/wp-json\/wp\/v2\/comments?post=25433"}],"version-history":[{"count":2,"href":"https:\/\/sevillazonafranca.com\/index.php\/wp-json\/wp\/v2\/posts\/25433\/revisions"}],"predecessor-version":[{"id":25436,"href":"https:\/\/sevillazonafranca.com\/index.php\/wp-json\/wp\/v2\/posts\/25433\/revisions\/25436"}],"wp:featuredmedia":[{"embeddable":true,"href":"https:\/\/sevillazonafranca.com\/index.php\/wp-json\/wp\/v2\/media\/25434"}],"wp:attachment":[{"href":"https:\/\/sevillazonafranca.com\/index.php\/wp-json\/wp\/v2\/media?parent=25433"}],"wp:term":[{"taxonomy":"category","embeddable":true,"href":"https:\/\/sevillazonafranca.com\/index.php\/wp-json\/wp\/v2\/categories?post=25433"},{"taxonomy":"post_tag","embeddable":true,"href":"https:\/\/sevillazonafranca.com\/index.php\/wp-json\/wp\/v2\/tags?post=25433"}],"curies":[{"name":"wp","href":"https:\/\/api.w.org\/{rel}","templated":true}]}}