{"id":25732,"date":"2026-02-16T20:12:00","date_gmt":"2026-02-16T19:12:00","guid":{"rendered":"https:\/\/sevillazonafranca.com\/?p=25732"},"modified":"2026-02-16T20:14:35","modified_gmt":"2026-02-16T19:14:35","slug":"encomienda-de-gestion-para-las-obras-de-reacondicionamiento-de-los-espacios-comunes-de-la-zona-franca-de-sevilla","status":"publish","type":"post","link":"https:\/\/sevillazonafranca.com\/index.php\/2026\/02\/16\/encomienda-de-gestion-para-las-obras-de-reacondicionamiento-de-los-espacios-comunes-de-la-zona-franca-de-sevilla\/","title":{"rendered":"\u00abEncomienda de gesti\u00f3n\u00bb para las obras de reacondicionamiento de los espacios comunes de la Zona Franca de Sevilla"},"content":{"rendered":"\n<p><strong><a href=\"https:\/\/sevillazonafranca.com\/wp-content\/uploads\/2026\/02\/Encomienda-zona-franca.pdf\">Encomienda de gesti\u00f3n del Consorcio de la Zona Franca de Sevilla a la Autoridad Portuaria de Sevilla para la contrataci\u00f3n y direcci\u00f3n t\u00e9cnica de la redacci\u00f3n del proyecto y ejecuci\u00f3n de las obras de reacondicionamiento y mejora de las instalaciones de Zona Franca Sevilla &#8211; Febrero 2026<\/a><\/strong><\/p>\n","protected":false},"excerpt":{"rendered":"<p>Encomienda de gesti\u00f3n del Consorcio de la Zona Franca de Sevilla a la Autoridad Portuaria de Sevilla para la contrataci\u00f3n y direcci\u00f3n t\u00e9cnica de la redacci\u00f3n del proyecto y ejecuci\u00f3n de las obras de reacondicionamiento y mejora de las instalaciones de Zona Franca Sevilla &#8211; Febrero 2026<\/p>\n","protected":false},"author":1,"featured_media":25734,"comment_status":"closed","ping_status":"open","sticky":false,"template":"","format":"standard","meta":{"_et_pb_use_builder":"off","_et_pb_old_content":"","_et_gb_content_width":"","footnotes":""},"categories":[53,52],"tags":[54],"class_list":["post-25732","post","type-post","status-publish","format-standard","has-post-thumbnail","hentry","category-contratacion","category-transparencia","tag-transparencia"],"yoast_head":"<!-- This site is optimized with the Yoast SEO plugin v27.3 - https:\/\/yoast.com\/product\/yoast-seo-wordpress\/ -->\n<title>&quot;Encomienda de gesti\u00f3n&quot; para las obras de reacondicionamiento de los espacios comunes de la Zona Franca de Sevilla - Zona Franca Sevilla<\/title>\n<meta name=\"robots\" content=\"index, follow, max-snippet:-1, max-image-preview:large, max-video-preview:-1\" \/>\n<link rel=\"canonical\" href=\"https:\/\/sevillazonafranca.com\/index.php\/2026\/02\/16\/encomienda-de-gestion-para-las-obras-de-reacondicionamiento-de-los-espacios-comunes-de-la-zona-franca-de-sevilla\/\" \/>\n<meta property=\"og:locale\" content=\"es_ES\" \/>\n<meta property=\"og:type\" content=\"article\" \/>\n<meta property=\"og:title\" content=\"&quot;Encomienda de gesti\u00f3n&quot; para las obras de reacondicionamiento de los espacios comunes de la Zona Franca de Sevilla - Zona Franca Sevilla\" \/>\n<meta property=\"og:description\" content=\"Encomienda de gesti\u00f3n del Consorcio de la Zona Franca de Sevilla a la Autoridad Portuaria de Sevilla para la contrataci\u00f3n y direcci\u00f3n t\u00e9cnica de la redacci\u00f3n del proyecto y ejecuci\u00f3n de las obras de reacondicionamiento y mejora de las instalaciones de Zona Franca Sevilla &#8211; Febrero 2026\" \/>\n<meta property=\"og:url\" content=\"https:\/\/sevillazonafranca.com\/index.php\/2026\/02\/16\/encomienda-de-gestion-para-las-obras-de-reacondicionamiento-de-los-espacios-comunes-de-la-zona-franca-de-sevilla\/\" \/>\n<meta property=\"og:site_name\" content=\"Zona Franca Sevilla\" \/>\n<meta property=\"article:published_time\" content=\"2026-02-16T19:12:00+00:00\" \/>\n<meta property=\"article:modified_time\" content=\"2026-02-16T19:14:35+00:00\" \/>\n<meta property=\"og:image\" content=\"https:\/\/sevillazonafranca.com\/wp-content\/uploads\/2026\/02\/cab-encomienda.jpg\" \/>\n\t<meta property=\"og:image:width\" content=\"1440\" \/>\n\t<meta property=\"og:image:height\" content=\"600\" \/>\n\t<meta property=\"og:image:type\" content=\"image\/jpeg\" \/>\n<meta name=\"author\" content=\"Zona Franca\" \/>\n<meta name=\"twitter:card\" content=\"summary_large_image\" \/>\n<meta name=\"twitter:creator\" content=\"@SevillaZF\" \/>\n<meta name=\"twitter:site\" content=\"@SevillaZF\" \/>\n<meta name=\"twitter:label1\" content=\"Escrito por\" \/>\n\t<meta name=\"twitter:data1\" content=\"Zona Franca\" \/>\n\t<meta name=\"twitter:label2\" content=\"Tiempo de lectura\" \/>\n\t<meta name=\"twitter:data2\" content=\"1 minuto\" \/>\n<script type=\"application\/ld+json\" class=\"yoast-schema-graph\">{\"@context\":\"https:\\\/\\\/schema.org\",\"@graph\":[{\"@type\":\"Article\",\"@id\":\"https:\\\/\\\/sevillazonafranca.com\\\/index.php\\\/2026\\\/02\\\/16\\\/encomienda-de-gestion-para-las-obras-de-reacondicionamiento-de-los-espacios-comunes-de-la-zona-franca-de-sevilla\\\/#article\",\"isPartOf\":{\"@id\":\"https:\\\/\\\/sevillazonafranca.com\\\/index.php\\\/2026\\\/02\\\/16\\\/encomienda-de-gestion-para-las-obras-de-reacondicionamiento-de-los-espacios-comunes-de-la-zona-franca-de-sevilla\\\/\"},\"author\":{\"name\":\"Zona Franca\",\"@id\":\"https:\\\/\\\/sevillazonafranca.com\\\/#\\\/schema\\\/person\\\/38de6c81a724b9e2fd439452d1e69440\"},\"headline\":\"\u00abEncomienda de gesti\u00f3n\u00bb para las obras de reacondicionamiento de los espacios comunes de la Zona Franca de Sevilla\",\"datePublished\":\"2026-02-16T19:12:00+00:00\",\"dateModified\":\"2026-02-16T19:14:35+00:00\",\"mainEntityOfPage\":{\"@id\":\"https:\\\/\\\/sevillazonafranca.com\\\/index.php\\\/2026\\\/02\\\/16\\\/encomienda-de-gestion-para-las-obras-de-reacondicionamiento-de-los-espacios-comunes-de-la-zona-franca-de-sevilla\\\/\"},\"wordCount\":71,\"publisher\":{\"@id\":\"https:\\\/\\\/sevillazonafranca.com\\\/#organization\"},\"image\":{\"@id\":\"https:\\\/\\\/sevillazonafranca.com\\\/index.php\\\/2026\\\/02\\\/16\\\/encomienda-de-gestion-para-las-obras-de-reacondicionamiento-de-los-espacios-comunes-de-la-zona-franca-de-sevilla\\\/#primaryimage\"},\"thumbnailUrl\":\"https:\\\/\\\/sevillazonafranca.com\\\/wp-content\\\/uploads\\\/2026\\\/02\\\/cab-encomienda.jpg\",\"keywords\":[\"transparencia\"],\"articleSection\":[\"Contrataci\u00f3n\",\"Transparencia\"],\"inLanguage\":\"es\"},{\"@type\":\"WebPage\",\"@id\":\"https:\\\/\\\/sevillazonafranca.com\\\/index.php\\\/2026\\\/02\\\/16\\\/encomienda-de-gestion-para-las-obras-de-reacondicionamiento-de-los-espacios-comunes-de-la-zona-franca-de-sevilla\\\/\",\"url\":\"https:\\\/\\\/sevillazonafranca.com\\\/index.php\\\/2026\\\/02\\\/16\\\/encomienda-de-gestion-para-las-obras-de-reacondicionamiento-de-los-espacios-comunes-de-la-zona-franca-de-sevilla\\\/\",\"name\":\"\\\"Encomienda de gesti\u00f3n\\\" para las obras de reacondicionamiento de los espacios comunes de la Zona Franca de Sevilla - Zona Franca Sevilla\",\"isPartOf\":{\"@id\":\"https:\\\/\\\/sevillazonafranca.com\\\/#website\"},\"primaryImageOfPage\":{\"@id\":\"https:\\\/\\\/sevillazonafranca.com\\\/index.php\\\/2026\\\/02\\\/16\\\/encomienda-de-gestion-para-las-obras-de-reacondicionamiento-de-los-espacios-comunes-de-la-zona-franca-de-sevilla\\\/#primaryimage\"},\"image\":{\"@id\":\"https:\\\/\\\/sevillazonafranca.com\\\/index.php\\\/2026\\\/02\\\/16\\\/encomienda-de-gestion-para-las-obras-de-reacondicionamiento-de-los-espacios-comunes-de-la-zona-franca-de-sevilla\\\/#primaryimage\"},\"thumbnailUrl\":\"https:\\\/\\\/sevillazonafranca.com\\\/wp-content\\\/uploads\\\/2026\\\/02\\\/cab-encomienda.jpg\",\"datePublished\":\"2026-02-16T19:12:00+00:00\",\"dateModified\":\"2026-02-16T19:14:35+00:00\",\"breadcrumb\":{\"@id\":\"https:\\\/\\\/sevillazonafranca.com\\\/index.php\\\/2026\\\/02\\\/16\\\/encomienda-de-gestion-para-las-obras-de-reacondicionamiento-de-los-espacios-comunes-de-la-zona-franca-de-sevilla\\\/#breadcrumb\"},\"inLanguage\":\"es\",\"potentialAction\":[{\"@type\":\"ReadAction\",\"target\":[\"https:\\\/\\\/sevillazonafranca.com\\\/index.php\\\/2026\\\/02\\\/16\\\/encomienda-de-gestion-para-las-obras-de-reacondicionamiento-de-los-espacios-comunes-de-la-zona-franca-de-sevilla\\\/\"]}]},{\"@type\":\"ImageObject\",\"inLanguage\":\"es\",\"@id\":\"https:\\\/\\\/sevillazonafranca.com\\\/index.php\\\/2026\\\/02\\\/16\\\/encomienda-de-gestion-para-las-obras-de-reacondicionamiento-de-los-espacios-comunes-de-la-zona-franca-de-sevilla\\\/#primaryimage\",\"url\":\"https:\\\/\\\/sevillazonafranca.com\\\/wp-content\\\/uploads\\\/2026\\\/02\\\/cab-encomienda.jpg\",\"contentUrl\":\"https:\\\/\\\/sevillazonafranca.com\\\/wp-content\\\/uploads\\\/2026\\\/02\\\/cab-encomienda.jpg\",\"width\":1440,\"height\":600,\"caption\":\"Zona Franca Sevilla- Puerto de Sevilla\"},{\"@type\":\"BreadcrumbList\",\"@id\":\"https:\\\/\\\/sevillazonafranca.com\\\/index.php\\\/2026\\\/02\\\/16\\\/encomienda-de-gestion-para-las-obras-de-reacondicionamiento-de-los-espacios-comunes-de-la-zona-franca-de-sevilla\\\/#breadcrumb\",\"itemListElement\":[{\"@type\":\"ListItem\",\"position\":1,\"name\":\"Portada\",\"item\":\"https:\\\/\\\/sevillazonafranca.com\\\/\"},{\"@type\":\"ListItem\",\"position\":2,\"name\":\"\u00abEncomienda de gesti\u00f3n\u00bb para las obras de reacondicionamiento de los espacios comunes de la Zona Franca de Sevilla\"}]},{\"@type\":\"WebSite\",\"@id\":\"https:\\\/\\\/sevillazonafranca.com\\\/#website\",\"url\":\"https:\\\/\\\/sevillazonafranca.com\\\/\",\"name\":\"Zona Franca Sevilla\",\"description\":\"Web oficial de la Zona Franca de Sevilla. Impulsamos el desarrollo industrial y econ\u00f3mico de Sevilla y su territorio metropolitano.\",\"publisher\":{\"@id\":\"https:\\\/\\\/sevillazonafranca.com\\\/#organization\"},\"potentialAction\":[{\"@type\":\"SearchAction\",\"target\":{\"@type\":\"EntryPoint\",\"urlTemplate\":\"https:\\\/\\\/sevillazonafranca.com\\\/?s={search_term_string}\"},\"query-input\":{\"@type\":\"PropertyValueSpecification\",\"valueRequired\":true,\"valueName\":\"search_term_string\"}}],\"inLanguage\":\"es\"},{\"@type\":\"Organization\",\"@id\":\"https:\\\/\\\/sevillazonafranca.com\\\/#organization\",\"name\":\"Zona Franca Sevilla\",\"url\":\"https:\\\/\\\/sevillazonafranca.com\\\/\",\"logo\":{\"@type\":\"ImageObject\",\"inLanguage\":\"es\",\"@id\":\"https:\\\/\\\/sevillazonafranca.com\\\/#\\\/schema\\\/logo\\\/image\\\/\",\"url\":\"https:\\\/\\\/sevillazonafranca.com\\\/wp-content\\\/uploads\\\/2025\\\/04\\\/zonafrancasevilla-h-01.png\",\"contentUrl\":\"https:\\\/\\\/sevillazonafranca.com\\\/wp-content\\\/uploads\\\/2025\\\/04\\\/zonafrancasevilla-h-01.png\",\"width\":1000,\"height\":239,\"caption\":\"Zona Franca Sevilla\"},\"image\":{\"@id\":\"https:\\\/\\\/sevillazonafranca.com\\\/#\\\/schema\\\/logo\\\/image\\\/\"},\"sameAs\":[\"https:\\\/\\\/x.com\\\/SevillaZF\",\"https:\\\/\\\/www.instagram.com\\\/zonafrancasevilla\\\/\",\"http:\\\/\\\/linkedin.com\\\/company\\\/zona-franca-sevilla\"]},{\"@type\":\"Person\",\"@id\":\"https:\\\/\\\/sevillazonafranca.com\\\/#\\\/schema\\\/person\\\/38de6c81a724b9e2fd439452d1e69440\",\"name\":\"Zona Franca\",\"image\":{\"@type\":\"ImageObject\",\"inLanguage\":\"es\",\"@id\":\"https:\\\/\\\/secure.gravatar.com\\\/avatar\\\/9080712b276661249fed031514fed5120863acc976e5b718e2ae1ce68c9c5cd1?s=96&d=mm&r=g\",\"url\":\"https:\\\/\\\/secure.gravatar.com\\\/avatar\\\/9080712b276661249fed031514fed5120863acc976e5b718e2ae1ce68c9c5cd1?s=96&d=mm&r=g\",\"contentUrl\":\"https:\\\/\\\/secure.gravatar.com\\\/avatar\\\/9080712b276661249fed031514fed5120863acc976e5b718e2ae1ce68c9c5cd1?s=96&d=mm&r=g\",\"caption\":\"Zona Franca\"},\"sameAs\":[\"https:\\\/\\\/sevillazonafranca.com\"],\"url\":\"https:\\\/\\\/sevillazonafranca.com\\\/index.php\\\/author\\\/crowdmin\\\/\"}]}<\/script>\n<!-- \/ Yoast SEO plugin. -->","yoast_head_json":{"title":"\"Encomienda de gesti\u00f3n\" para las obras de reacondicionamiento de los espacios comunes de la Zona Franca de Sevilla - Zona Franca Sevilla","robots":{"index":"index","follow":"follow","max-snippet":"max-snippet:-1","max-image-preview":"max-image-preview:large","max-video-preview":"max-video-preview:-1"},"canonical":"https:\/\/sevillazonafranca.com\/index.php\/2026\/02\/16\/encomienda-de-gestion-para-las-obras-de-reacondicionamiento-de-los-espacios-comunes-de-la-zona-franca-de-sevilla\/","og_locale":"es_ES","og_type":"article","og_title":"\"Encomienda de gesti\u00f3n\" para las obras de reacondicionamiento de los espacios comunes de la Zona Franca de Sevilla - Zona Franca Sevilla","og_description":"Encomienda de gesti\u00f3n del Consorcio de la Zona Franca de Sevilla a la Autoridad Portuaria de Sevilla para la contrataci\u00f3n y direcci\u00f3n t\u00e9cnica de la redacci\u00f3n del proyecto y ejecuci\u00f3n de las obras de reacondicionamiento y mejora de las instalaciones de Zona Franca Sevilla &#8211; Febrero 2026","og_url":"https:\/\/sevillazonafranca.com\/index.php\/2026\/02\/16\/encomienda-de-gestion-para-las-obras-de-reacondicionamiento-de-los-espacios-comunes-de-la-zona-franca-de-sevilla\/","og_site_name":"Zona Franca Sevilla","article_published_time":"2026-02-16T19:12:00+00:00","article_modified_time":"2026-02-16T19:14:35+00:00","og_image":[{"width":1440,"height":600,"url":"https:\/\/sevillazonafranca.com\/wp-content\/uploads\/2026\/02\/cab-encomienda.jpg","type":"image\/jpeg"}],"author":"Zona Franca","twitter_card":"summary_large_image","twitter_creator":"@SevillaZF","twitter_site":"@SevillaZF","twitter_misc":{"Escrito por":"Zona Franca","Tiempo de lectura":"1 minuto"},"schema":{"@context":"https:\/\/schema.org","@graph":[{"@type":"Article","@id":"https:\/\/sevillazonafranca.com\/index.php\/2026\/02\/16\/encomienda-de-gestion-para-las-obras-de-reacondicionamiento-de-los-espacios-comunes-de-la-zona-franca-de-sevilla\/#article","isPartOf":{"@id":"https:\/\/sevillazonafranca.com\/index.php\/2026\/02\/16\/encomienda-de-gestion-para-las-obras-de-reacondicionamiento-de-los-espacios-comunes-de-la-zona-franca-de-sevilla\/"},"author":{"name":"Zona Franca","@id":"https:\/\/sevillazonafranca.com\/#\/schema\/person\/38de6c81a724b9e2fd439452d1e69440"},"headline":"\u00abEncomienda de gesti\u00f3n\u00bb para las obras de reacondicionamiento de los espacios comunes de la Zona Franca de Sevilla","datePublished":"2026-02-16T19:12:00+00:00","dateModified":"2026-02-16T19:14:35+00:00","mainEntityOfPage":{"@id":"https:\/\/sevillazonafranca.com\/index.php\/2026\/02\/16\/encomienda-de-gestion-para-las-obras-de-reacondicionamiento-de-los-espacios-comunes-de-la-zona-franca-de-sevilla\/"},"wordCount":71,"publisher":{"@id":"https:\/\/sevillazonafranca.com\/#organization"},"image":{"@id":"https:\/\/sevillazonafranca.com\/index.php\/2026\/02\/16\/encomienda-de-gestion-para-las-obras-de-reacondicionamiento-de-los-espacios-comunes-de-la-zona-franca-de-sevilla\/#primaryimage"},"thumbnailUrl":"https:\/\/sevillazonafranca.com\/wp-content\/uploads\/2026\/02\/cab-encomienda.jpg","keywords":["transparencia"],"articleSection":["Contrataci\u00f3n","Transparencia"],"inLanguage":"es"},{"@type":"WebPage","@id":"https:\/\/sevillazonafranca.com\/index.php\/2026\/02\/16\/encomienda-de-gestion-para-las-obras-de-reacondicionamiento-de-los-espacios-comunes-de-la-zona-franca-de-sevilla\/","url":"https:\/\/sevillazonafranca.com\/index.php\/2026\/02\/16\/encomienda-de-gestion-para-las-obras-de-reacondicionamiento-de-los-espacios-comunes-de-la-zona-franca-de-sevilla\/","name":"\"Encomienda de gesti\u00f3n\" para las obras de reacondicionamiento de los espacios comunes de la Zona Franca de Sevilla - Zona Franca Sevilla","isPartOf":{"@id":"https:\/\/sevillazonafranca.com\/#website"},"primaryImageOfPage":{"@id":"https:\/\/sevillazonafranca.com\/index.php\/2026\/02\/16\/encomienda-de-gestion-para-las-obras-de-reacondicionamiento-de-los-espacios-comunes-de-la-zona-franca-de-sevilla\/#primaryimage"},"image":{"@id":"https:\/\/sevillazonafranca.com\/index.php\/2026\/02\/16\/encomienda-de-gestion-para-las-obras-de-reacondicionamiento-de-los-espacios-comunes-de-la-zona-franca-de-sevilla\/#primaryimage"},"thumbnailUrl":"https:\/\/sevillazonafranca.com\/wp-content\/uploads\/2026\/02\/cab-encomienda.jpg","datePublished":"2026-02-16T19:12:00+00:00","dateModified":"2026-02-16T19:14:35+00:00","breadcrumb":{"@id":"https:\/\/sevillazonafranca.com\/index.php\/2026\/02\/16\/encomienda-de-gestion-para-las-obras-de-reacondicionamiento-de-los-espacios-comunes-de-la-zona-franca-de-sevilla\/#breadcrumb"},"inLanguage":"es","potentialAction":[{"@type":"ReadAction","target":["https:\/\/sevillazonafranca.com\/index.php\/2026\/02\/16\/encomienda-de-gestion-para-las-obras-de-reacondicionamiento-de-los-espacios-comunes-de-la-zona-franca-de-sevilla\/"]}]},{"@type":"ImageObject","inLanguage":"es","@id":"https:\/\/sevillazonafranca.com\/index.php\/2026\/02\/16\/encomienda-de-gestion-para-las-obras-de-reacondicionamiento-de-los-espacios-comunes-de-la-zona-franca-de-sevilla\/#primaryimage","url":"https:\/\/sevillazonafranca.com\/wp-content\/uploads\/2026\/02\/cab-encomienda.jpg","contentUrl":"https:\/\/sevillazonafranca.com\/wp-content\/uploads\/2026\/02\/cab-encomienda.jpg","width":1440,"height":600,"caption":"Zona Franca Sevilla- Puerto de Sevilla"},{"@type":"BreadcrumbList","@id":"https:\/\/sevillazonafranca.com\/index.php\/2026\/02\/16\/encomienda-de-gestion-para-las-obras-de-reacondicionamiento-de-los-espacios-comunes-de-la-zona-franca-de-sevilla\/#breadcrumb","itemListElement":[{"@type":"ListItem","position":1,"name":"Portada","item":"https:\/\/sevillazonafranca.com\/"},{"@type":"ListItem","position":2,"name":"\u00abEncomienda de gesti\u00f3n\u00bb para las obras de reacondicionamiento de los espacios comunes de la Zona Franca de Sevilla"}]},{"@type":"WebSite","@id":"https:\/\/sevillazonafranca.com\/#website","url":"https:\/\/sevillazonafranca.com\/","name":"Zona Franca Sevilla","description":"Web oficial de la Zona Franca de Sevilla. Impulsamos el desarrollo industrial y econ\u00f3mico de Sevilla y su territorio metropolitano.","publisher":{"@id":"https:\/\/sevillazonafranca.com\/#organization"},"potentialAction":[{"@type":"SearchAction","target":{"@type":"EntryPoint","urlTemplate":"https:\/\/sevillazonafranca.com\/?s={search_term_string}"},"query-input":{"@type":"PropertyValueSpecification","valueRequired":true,"valueName":"search_term_string"}}],"inLanguage":"es"},{"@type":"Organization","@id":"https:\/\/sevillazonafranca.com\/#organization","name":"Zona Franca Sevilla","url":"https:\/\/sevillazonafranca.com\/","logo":{"@type":"ImageObject","inLanguage":"es","@id":"https:\/\/sevillazonafranca.com\/#\/schema\/logo\/image\/","url":"https:\/\/sevillazonafranca.com\/wp-content\/uploads\/2025\/04\/zonafrancasevilla-h-01.png","contentUrl":"https:\/\/sevillazonafranca.com\/wp-content\/uploads\/2025\/04\/zonafrancasevilla-h-01.png","width":1000,"height":239,"caption":"Zona Franca Sevilla"},"image":{"@id":"https:\/\/sevillazonafranca.com\/#\/schema\/logo\/image\/"},"sameAs":["https:\/\/x.com\/SevillaZF","https:\/\/www.instagram.com\/zonafrancasevilla\/","http:\/\/linkedin.com\/company\/zona-franca-sevilla"]},{"@type":"Person","@id":"https:\/\/sevillazonafranca.com\/#\/schema\/person\/38de6c81a724b9e2fd439452d1e69440","name":"Zona Franca","image":{"@type":"ImageObject","inLanguage":"es","@id":"https:\/\/secure.gravatar.com\/avatar\/9080712b276661249fed031514fed5120863acc976e5b718e2ae1ce68c9c5cd1?s=96&d=mm&r=g","url":"https:\/\/secure.gravatar.com\/avatar\/9080712b276661249fed031514fed5120863acc976e5b718e2ae1ce68c9c5cd1?s=96&d=mm&r=g","contentUrl":"https:\/\/secure.gravatar.com\/avatar\/9080712b276661249fed031514fed5120863acc976e5b718e2ae1ce68c9c5cd1?s=96&d=mm&r=g","caption":"Zona Franca"},"sameAs":["https:\/\/sevillazonafranca.com"],"url":"https:\/\/sevillazonafranca.com\/index.php\/author\/crowdmin\/"}]}},"_links":{"self":[{"href":"https:\/\/sevillazonafranca.com\/index.php\/wp-json\/wp\/v2\/posts\/25732","targetHints":{"allow":["GET"]}}],"collection":[{"href":"https:\/\/sevillazonafranca.com\/index.php\/wp-json\/wp\/v2\/posts"}],"about":[{"href":"https:\/\/sevillazonafranca.com\/index.php\/wp-json\/wp\/v2\/types\/post"}],"author":[{"embeddable":true,"href":"https:\/\/sevillazonafranca.com\/index.php\/wp-json\/wp\/v2\/users\/1"}],"replies":[{"embeddable":true,"href":"https:\/\/sevillazonafranca.com\/index.php\/wp-json\/wp\/v2\/comments?post=25732"}],"version-history":[{"count":2,"href":"https:\/\/sevillazonafranca.com\/index.php\/wp-json\/wp\/v2\/posts\/25732\/revisions"}],"predecessor-version":[{"id":25739,"href":"https:\/\/sevillazonafranca.com\/index.php\/wp-json\/wp\/v2\/posts\/25732\/revisions\/25739"}],"wp:featuredmedia":[{"embeddable":true,"href":"https:\/\/sevillazonafranca.com\/index.php\/wp-json\/wp\/v2\/media\/25734"}],"wp:attachment":[{"href":"https:\/\/sevillazonafranca.com\/index.php\/wp-json\/wp\/v2\/media?parent=25732"}],"wp:term":[{"taxonomy":"category","embeddable":true,"href":"https:\/\/sevillazonafranca.com\/index.php\/wp-json\/wp\/v2\/categories?post=25732"},{"taxonomy":"post_tag","embeddable":true,"href":"https:\/\/sevillazonafranca.com\/index.php\/wp-json\/wp\/v2\/tags?post=25732"}],"curies":[{"name":"wp","href":"https:\/\/api.w.org\/{rel}","templated":true}]}}