{"id":25764,"date":"2026-03-10T12:37:00","date_gmt":"2026-03-10T11:37:00","guid":{"rendered":"https:\/\/sevillazonafranca.com\/?p=25764"},"modified":"2026-03-16T13:11:28","modified_gmt":"2026-03-16T12:11:28","slug":"la-zona-franca-de-sevilla-aborda-una-mejora-integral-de-sus-instalaciones-con-una-inversion-de-39-millones-de-euros-2","status":"publish","type":"post","link":"https:\/\/sevillazonafranca.com\/index.php\/2026\/03\/10\/la-zona-franca-de-sevilla-aborda-una-mejora-integral-de-sus-instalaciones-con-una-inversion-de-39-millones-de-euros-2\/","title":{"rendered":"La Zona Franca de Sevilla aborda una mejora integral de sus instalaciones con una inversi\u00f3n de 3,9 millones de euros"},"content":{"rendered":"\n<p><strong>10 de marzo de 2026.<\/strong> La <strong>Zona Franca de Sevilla (ZFS)<\/strong> acometer\u00e1 en los pr\u00f3ximos meses las <strong>obras de reacondicionamiento, mejora y modernizaci\u00f3n integral de sus instalaciones con una inversi\u00f3n de casi 3,9 millones de euros<\/strong> (3.891.922,85), la mayor realizada hasta la fecha en el recinto desde la culminaci\u00f3n del cerramiento en agosto de 2016. La <strong>delegada estatal para el espacio franco, Carmen Tovar,<\/strong> ha trasladado hoy al <strong>subdelegado del Gobierno de Espa\u00f1a en Sevilla, Francisco Toscano,<\/strong> las principales l\u00edneas de esta actuaci\u00f3n que van a contribuir a reactivar el espacio franco sevillano.<\/p>\n\n\n\n<p>Durante el encuentro, el subdelegado del Gobierno en Sevilla <strong>ha destacado la \u201cimportante inversi\u00f3n\u201d que el Ejecutivo central realizar\u00e1 durante los pr\u00f3ximos tres a\u00f1os para mejorar las infraestructuras y servicios de la Zona Franca de Sevilla,<\/strong> con el objetivo de facilitar la llegada de nuevas empresas. Para Toscano, este esfuerzo inversor supone \u201cun <strong>nuevo impulso para el desarrollo industrial, econ\u00f3mico y social de la provincia de Sevilla\u201d.<\/strong><\/p>\n\n\n\n<p>Por su parte, la delegada del Estado para la Zona Franca de Sevilla, Carmen Tovar, ha subrayado \u201cel valor de esta inversi\u00f3n para la industria sevillana, que <strong>contribuir\u00e1 a reforzar la confianza de las empresas ya instaladas y a atraer nuevos proyectos empresariales a la ciudad\u201d.<\/strong><\/p>\n\n\n\n<p>Estas obras, <strong>financiadas \u00edntegramente por el Ministerio de Hacienda con fondos del Estado y con los recursos financieros provenientes de las liquidaciones fiscales de las empresas ubicadas en la ZFS,<\/strong> permitir\u00e1n actualizar y revitalizar infraestructuras estrat\u00e9gicas para reforzar su competitividad. Asimismo, contribuir\u00e1n a <strong>consolidar el enclave industrial y log\u00edstico como espacio de excelencia empresarial plenamente operativo,<\/strong> adem\u00e1s de acondicionar el suelo disponible para la instalaci\u00f3n de nuevas empresas.<\/p>\n\n\n\n<p>Esta <strong>inversi\u00f3n se enmarca dentro de una estrategia global<\/strong> que incluye obras, mejoras operativas en el funcionamiento, simplificaci\u00f3n de tr\u00e1mites, alianzas institucionales, optimizaci\u00f3n de la atenci\u00f3n a las empresas instaladas y un plan de captaci\u00f3n de nuevas empresas.<\/p>\n\n\n\n<p><strong>Revitalizaci\u00f3n de zonas comunes<\/strong><\/p>\n\n\n\n<p>La actuaci\u00f3n tiene como <strong>objetivo fundamental la revitalizaci\u00f3n de los espacios comunes de la ZFS<\/strong> e incluye la reparaci\u00f3n y reasfaltado de viales; reparaci\u00f3n o sustituci\u00f3n de acerados; acondicionamiento de zonas ajardinadas; mejora del alumbrado p\u00fablico; renovaci\u00f3n de la se\u00f1alizaci\u00f3n horizontal, vertical y corporativa; eliminaci\u00f3n de instalaciones obsoletas y estructuras contaminantes; canalizaciones para cableado de fibra \u00f3ptica que den servicio a las empresas; rehabilitaci\u00f3n de elementos arquitect\u00f3nicos y mejora de los accesos al recinto, tanto en el Pol\u00edgono Torrecu\u00e9llar como en el de Astilleros.<\/p>\n\n\n\n<p>La <strong>Zona Franca y la Autoridad Portuaria de Sevilla (APS) han suscrito una encomienda de gesti\u00f3n para la ejecuci\u00f3n de estas actuaciones.<\/strong> En virtud de este acuerdo, el Puerto asumir\u00e1 la redacci\u00f3n de los proyectos, su licitaci\u00f3n y adjudicaci\u00f3n, as\u00ed como la direcci\u00f3n t\u00e9cnica de las obras, bajo la supervisi\u00f3n de la Comisi\u00f3n de Seguimiento prevista y con la aprobaci\u00f3n del Consorcio de la Zona Franca, que ser\u00e1 el encargado de abonar a la Autoridad Portuaria, mediante certificaciones de obra, las obligaciones econ\u00f3micas contra\u00eddas.<\/p>\n\n\n\n<p>Seg\u00fan el calendario establecido, <strong>los proyectos deber\u00e1n estar aprobados antes del 31 de julio de 2026 y contar\u00e1n con un plazo de ejecuci\u00f3n hasta el 31 de diciembre de 2027,<\/strong> manteni\u00e9ndose la encomienda en vigor hasta julio de 2028.<\/p>\n\n\n\n<p><strong>Alianzas estrat\u00e9gicas<\/strong><\/p>\n\n\n\n<p>Carmen Tovar ha resaltado la intensa labor institucional desarrollada durante el \u00faltimo a\u00f1o y ha puesto en valor los <strong>acuerdos de colaboraci\u00f3n suscritos para avanzar en los objetivos de promoci\u00f3n e impulso de la Zona Franca de Sevilla.<\/strong><\/p>\n\n\n\n<p>En el \u00e1mbito acad\u00e9mico, se ha formalizado una alianza con la <strong>Universidad Pablo de Olavide<\/strong> para el desarrollo del Plan Estrat\u00e9gico 2030 del espacio fiscal y aduanero y la creaci\u00f3n de la C\u00e1tedra Zona Franca-UPO, orientada al an\u00e1lisis, la planificaci\u00f3n y el desarrollo estrat\u00e9gico de Sevilla y su \u00e1rea metropolitana.<\/p>\n\n\n\n<p>En el \u00e1mbito empresarial, se han cerrado acuerdos con la <strong>C\u00e1mara de Comercio de Sevilla,<\/strong> con el objetivo de reforzar su posicionamiento como enclave de referencia y darlo a conocer al empresariado sevillano; con la <strong>Asociaci\u00f3n de Zonas Francas de las Am\u00e9ricas (AZFA),<\/strong> para potenciar su proyecci\u00f3n internacional y la atracci\u00f3n de inversiones; y con la Confederaci\u00f3n Empresarial de Sevilla (CES), a fin de fortalecer el tejido productivo local y provincial y generar nuevas oportunidades.<\/p>\n\n\n\n<p>En el \u00e1mbito laboral y social, la colaboraci\u00f3n con <strong>CCOO Sevilla<\/strong> permitir\u00e1 impulsar proyectos en materia de formaci\u00f3n y empleo vinculados a la industria sevillana. Asimismo, el acuerdo con el <strong>Colegio de Agentes de Aduanas y Representantes Aduaneros de Sevilla<\/strong> contribuir\u00e1 a mejorar el conocimiento del sector aduanero entre las empresas operadoras actuales y futuras, mientras que la alianza con el <strong>Colegio de Economistas de Sevilla<\/strong> facilitar\u00e1 la elaboraci\u00f3n de informes econ\u00f3micos destinados a difundir los beneficios fiscales de la Zona Franca de Sevilla y a aportar datos clave para la toma de decisiones estrat\u00e9gicas.<\/p>\n\n\n\n<p><strong>Servicios a empresas de la ZFS<\/strong><\/p>\n\n\n\n<p>La <strong>Zona Franca de Sevilla orienta su actuaci\u00f3n prioritariamente a las empresas ya implantadas en el recinto<\/strong>, que demandan una mayor <strong>simplificaci\u00f3n de tr\u00e1mites y un entorno acorde al nivel de excelencia que aportan como operadoras.<\/strong> En este contexto, la <strong>coordinaci\u00f3n institucional con la Direcci\u00f3n Regional de Aduanas, la Autoridad Portuaria y el Ayuntamiento de Sevilla<\/strong> resulta esencial para atender sus necesidades.<\/p>\n\n\n\n<p>Las obras anunciadas constituyen, en palabras de Carmen Tovar, \u201cun <strong>servicio directo a las empresas que operan en el recinto fiscal y aduanero, que llevan a\u00f1os esperando ver el retorno de su aportaci\u00f3n tributaria\u201d.<\/strong><\/p>\n\n\n\n<p><strong>Nueva gobernanza y modernizaci\u00f3n administrativa<\/strong><\/p>\n\n\n\n<p>La estrategia de consolidaci\u00f3n de la ZFS incorporar\u00e1 <strong>avances en la simplificaci\u00f3n y modernizaci\u00f3n de los tr\u00e1mites aduaneros,<\/strong> en colaboraci\u00f3n con la Direcci\u00f3n Regional de Aduanas, las empresas instaladas y el Colegio de Agentes de Aduanas y Representantes Aduaneros de Sevilla. Este trabajo conjunto <strong>permitir\u00e1 optimizar los procedimientos, reforzar la seguridad jur\u00eddica y agilizar la operativa empresarial<\/strong>, adaptando la gesti\u00f3n del recinto a los <strong>est\u00e1ndares de eficiencia y competitividad que exige el comercio internacional.<\/strong><\/p>\n","protected":false},"excerpt":{"rendered":"<p>La delegada estatal, Carmen Tovar, traslada al subdelegado del Gobierno en Sevilla, Francisco Toscano, el plan de inversiones impulsado por el Ministerio de Hacienda para modernizar el recinto y reforzar el posicionamiento de la Zona Franca como polo de actividad econ\u00f3mica en el sur de Espa\u00f1a<\/p>\n","protected":false},"author":2,"featured_media":25768,"comment_status":"closed","ping_status":"open","sticky":false,"template":"","format":"standard","meta":{"_et_pb_use_builder":"off","_et_pb_old_content":"","_et_gb_content_width":"","footnotes":""},"categories":[8],"tags":[18,44,21,16,39,15],"class_list":["post-25764","post","type-post","status-publish","format-standard","has-post-thumbnail","hentry","category-actualidad","tag-alianzas-estrategicas","tag-desarrollo-empresarial","tag-gobierno-de-espana","tag-impulso-economico","tag-ministerio-de-hacienda","tag-zona-franca-sevilla"],"yoast_head":"<!-- This site is optimized with the Yoast SEO plugin v27.3 - https:\/\/yoast.com\/product\/yoast-seo-wordpress\/ -->\n<title>La Zona Franca de Sevilla aborda una mejora integral de sus instalaciones con una inversi\u00f3n de 3,9 millones de euros - Zona Franca Sevilla<\/title>\n<meta name=\"robots\" content=\"index, follow, max-snippet:-1, max-image-preview:large, max-video-preview:-1\" \/>\n<link rel=\"canonical\" href=\"https:\/\/sevillazonafranca.com\/index.php\/2026\/03\/10\/la-zona-franca-de-sevilla-aborda-una-mejora-integral-de-sus-instalaciones-con-una-inversion-de-39-millones-de-euros-2\/\" \/>\n<meta property=\"og:locale\" content=\"es_ES\" \/>\n<meta property=\"og:type\" content=\"article\" \/>\n<meta property=\"og:title\" content=\"La Zona Franca de Sevilla aborda una mejora integral de sus instalaciones con una inversi\u00f3n de 3,9 millones de euros - Zona Franca Sevilla\" \/>\n<meta property=\"og:description\" content=\"La delegada estatal, Carmen Tovar, traslada al subdelegado del Gobierno en Sevilla, Francisco Toscano, el plan de inversiones impulsado por el Ministerio de Hacienda para modernizar el recinto y reforzar el posicionamiento de la Zona Franca como polo de actividad econ\u00f3mica en el sur de Espa\u00f1a\" \/>\n<meta property=\"og:url\" content=\"https:\/\/sevillazonafranca.com\/index.php\/2026\/03\/10\/la-zona-franca-de-sevilla-aborda-una-mejora-integral-de-sus-instalaciones-con-una-inversion-de-39-millones-de-euros-2\/\" \/>\n<meta property=\"og:site_name\" content=\"Zona Franca Sevilla\" \/>\n<meta property=\"article:published_time\" content=\"2026-03-10T11:37:00+00:00\" \/>\n<meta property=\"article:modified_time\" content=\"2026-03-16T12:11:28+00:00\" \/>\n<meta property=\"og:image\" content=\"https:\/\/sevillazonafranca.com\/wp-content\/uploads\/2026\/03\/260309-Obras-ZFS_SubdeGobSEV1ok-ok.jpg\" \/>\n\t<meta property=\"og:image:width\" content=\"1200\" \/>\n\t<meta property=\"og:image:height\" content=\"670\" \/>\n\t<meta property=\"og:image:type\" content=\"image\/jpeg\" \/>\n<meta name=\"author\" content=\"Zona Franca\" \/>\n<meta name=\"twitter:card\" content=\"summary_large_image\" \/>\n<meta name=\"twitter:creator\" content=\"@SevillaZF\" \/>\n<meta name=\"twitter:site\" content=\"@SevillaZF\" \/>\n<meta name=\"twitter:label1\" content=\"Escrito por\" \/>\n\t<meta name=\"twitter:data1\" content=\"Zona Franca\" \/>\n\t<meta name=\"twitter:label2\" content=\"Tiempo de lectura\" \/>\n\t<meta name=\"twitter:data2\" content=\"5 minutos\" \/>\n<script type=\"application\/ld+json\" class=\"yoast-schema-graph\">{\"@context\":\"https:\\\/\\\/schema.org\",\"@graph\":[{\"@type\":\"Article\",\"@id\":\"https:\\\/\\\/sevillazonafranca.com\\\/index.php\\\/2026\\\/03\\\/10\\\/la-zona-franca-de-sevilla-aborda-una-mejora-integral-de-sus-instalaciones-con-una-inversion-de-39-millones-de-euros-2\\\/#article\",\"isPartOf\":{\"@id\":\"https:\\\/\\\/sevillazonafranca.com\\\/index.php\\\/2026\\\/03\\\/10\\\/la-zona-franca-de-sevilla-aborda-una-mejora-integral-de-sus-instalaciones-con-una-inversion-de-39-millones-de-euros-2\\\/\"},\"author\":{\"name\":\"Zona Franca\",\"@id\":\"https:\\\/\\\/sevillazonafranca.com\\\/#\\\/schema\\\/person\\\/efc2cc63448b239287f31e620f97c1ae\"},\"headline\":\"La Zona Franca de Sevilla aborda una mejora integral de sus instalaciones con una inversi\u00f3n de 3,9 millones de euros\",\"datePublished\":\"2026-03-10T11:37:00+00:00\",\"dateModified\":\"2026-03-16T12:11:28+00:00\",\"mainEntityOfPage\":{\"@id\":\"https:\\\/\\\/sevillazonafranca.com\\\/index.php\\\/2026\\\/03\\\/10\\\/la-zona-franca-de-sevilla-aborda-una-mejora-integral-de-sus-instalaciones-con-una-inversion-de-39-millones-de-euros-2\\\/\"},\"wordCount\":1068,\"publisher\":{\"@id\":\"https:\\\/\\\/sevillazonafranca.com\\\/#organization\"},\"image\":{\"@id\":\"https:\\\/\\\/sevillazonafranca.com\\\/index.php\\\/2026\\\/03\\\/10\\\/la-zona-franca-de-sevilla-aborda-una-mejora-integral-de-sus-instalaciones-con-una-inversion-de-39-millones-de-euros-2\\\/#primaryimage\"},\"thumbnailUrl\":\"https:\\\/\\\/sevillazonafranca.com\\\/wp-content\\\/uploads\\\/2026\\\/03\\\/260309-Obras-ZFS_SubdeGobSEV1ok-ok.jpg\",\"keywords\":[\"alianzas estrat\u00e9gicas\",\"desarrollo empresarial\",\"gobierno de espa\u00f1a\",\"impulso econ\u00f3mico\",\"ministerio de hacienda\",\"zona franca sevilla\"],\"articleSection\":[\"Actualidad ZFS\"],\"inLanguage\":\"es\"},{\"@type\":\"WebPage\",\"@id\":\"https:\\\/\\\/sevillazonafranca.com\\\/index.php\\\/2026\\\/03\\\/10\\\/la-zona-franca-de-sevilla-aborda-una-mejora-integral-de-sus-instalaciones-con-una-inversion-de-39-millones-de-euros-2\\\/\",\"url\":\"https:\\\/\\\/sevillazonafranca.com\\\/index.php\\\/2026\\\/03\\\/10\\\/la-zona-franca-de-sevilla-aborda-una-mejora-integral-de-sus-instalaciones-con-una-inversion-de-39-millones-de-euros-2\\\/\",\"name\":\"La Zona Franca de Sevilla aborda una mejora integral de sus instalaciones con una inversi\u00f3n de 3,9 millones de euros - Zona Franca Sevilla\",\"isPartOf\":{\"@id\":\"https:\\\/\\\/sevillazonafranca.com\\\/#website\"},\"primaryImageOfPage\":{\"@id\":\"https:\\\/\\\/sevillazonafranca.com\\\/index.php\\\/2026\\\/03\\\/10\\\/la-zona-franca-de-sevilla-aborda-una-mejora-integral-de-sus-instalaciones-con-una-inversion-de-39-millones-de-euros-2\\\/#primaryimage\"},\"image\":{\"@id\":\"https:\\\/\\\/sevillazonafranca.com\\\/index.php\\\/2026\\\/03\\\/10\\\/la-zona-franca-de-sevilla-aborda-una-mejora-integral-de-sus-instalaciones-con-una-inversion-de-39-millones-de-euros-2\\\/#primaryimage\"},\"thumbnailUrl\":\"https:\\\/\\\/sevillazonafranca.com\\\/wp-content\\\/uploads\\\/2026\\\/03\\\/260309-Obras-ZFS_SubdeGobSEV1ok-ok.jpg\",\"datePublished\":\"2026-03-10T11:37:00+00:00\",\"dateModified\":\"2026-03-16T12:11:28+00:00\",\"breadcrumb\":{\"@id\":\"https:\\\/\\\/sevillazonafranca.com\\\/index.php\\\/2026\\\/03\\\/10\\\/la-zona-franca-de-sevilla-aborda-una-mejora-integral-de-sus-instalaciones-con-una-inversion-de-39-millones-de-euros-2\\\/#breadcrumb\"},\"inLanguage\":\"es\",\"potentialAction\":[{\"@type\":\"ReadAction\",\"target\":[\"https:\\\/\\\/sevillazonafranca.com\\\/index.php\\\/2026\\\/03\\\/10\\\/la-zona-franca-de-sevilla-aborda-una-mejora-integral-de-sus-instalaciones-con-una-inversion-de-39-millones-de-euros-2\\\/\"]}]},{\"@type\":\"ImageObject\",\"inLanguage\":\"es\",\"@id\":\"https:\\\/\\\/sevillazonafranca.com\\\/index.php\\\/2026\\\/03\\\/10\\\/la-zona-franca-de-sevilla-aborda-una-mejora-integral-de-sus-instalaciones-con-una-inversion-de-39-millones-de-euros-2\\\/#primaryimage\",\"url\":\"https:\\\/\\\/sevillazonafranca.com\\\/wp-content\\\/uploads\\\/2026\\\/03\\\/260309-Obras-ZFS_SubdeGobSEV1ok-ok.jpg\",\"contentUrl\":\"https:\\\/\\\/sevillazonafranca.com\\\/wp-content\\\/uploads\\\/2026\\\/03\\\/260309-Obras-ZFS_SubdeGobSEV1ok-ok.jpg\",\"width\":1200,\"height\":670},{\"@type\":\"BreadcrumbList\",\"@id\":\"https:\\\/\\\/sevillazonafranca.com\\\/index.php\\\/2026\\\/03\\\/10\\\/la-zona-franca-de-sevilla-aborda-una-mejora-integral-de-sus-instalaciones-con-una-inversion-de-39-millones-de-euros-2\\\/#breadcrumb\",\"itemListElement\":[{\"@type\":\"ListItem\",\"position\":1,\"name\":\"Portada\",\"item\":\"https:\\\/\\\/sevillazonafranca.com\\\/\"},{\"@type\":\"ListItem\",\"position\":2,\"name\":\"La Zona Franca de Sevilla aborda una mejora integral de sus instalaciones con una inversi\u00f3n de 3,9 millones de euros\"}]},{\"@type\":\"WebSite\",\"@id\":\"https:\\\/\\\/sevillazonafranca.com\\\/#website\",\"url\":\"https:\\\/\\\/sevillazonafranca.com\\\/\",\"name\":\"Zona Franca Sevilla\",\"description\":\"Web oficial de la Zona Franca de Sevilla. Impulsamos el desarrollo industrial y econ\u00f3mico de Sevilla y su territorio metropolitano.\",\"publisher\":{\"@id\":\"https:\\\/\\\/sevillazonafranca.com\\\/#organization\"},\"potentialAction\":[{\"@type\":\"SearchAction\",\"target\":{\"@type\":\"EntryPoint\",\"urlTemplate\":\"https:\\\/\\\/sevillazonafranca.com\\\/?s={search_term_string}\"},\"query-input\":{\"@type\":\"PropertyValueSpecification\",\"valueRequired\":true,\"valueName\":\"search_term_string\"}}],\"inLanguage\":\"es\"},{\"@type\":\"Organization\",\"@id\":\"https:\\\/\\\/sevillazonafranca.com\\\/#organization\",\"name\":\"Zona Franca Sevilla\",\"url\":\"https:\\\/\\\/sevillazonafranca.com\\\/\",\"logo\":{\"@type\":\"ImageObject\",\"inLanguage\":\"es\",\"@id\":\"https:\\\/\\\/sevillazonafranca.com\\\/#\\\/schema\\\/logo\\\/image\\\/\",\"url\":\"https:\\\/\\\/sevillazonafranca.com\\\/wp-content\\\/uploads\\\/2025\\\/04\\\/zonafrancasevilla-h-01.png\",\"contentUrl\":\"https:\\\/\\\/sevillazonafranca.com\\\/wp-content\\\/uploads\\\/2025\\\/04\\\/zonafrancasevilla-h-01.png\",\"width\":1000,\"height\":239,\"caption\":\"Zona Franca Sevilla\"},\"image\":{\"@id\":\"https:\\\/\\\/sevillazonafranca.com\\\/#\\\/schema\\\/logo\\\/image\\\/\"},\"sameAs\":[\"https:\\\/\\\/x.com\\\/SevillaZF\",\"https:\\\/\\\/www.instagram.com\\\/zonafrancasevilla\\\/\",\"http:\\\/\\\/linkedin.com\\\/company\\\/zona-franca-sevilla\"]},{\"@type\":\"Person\",\"@id\":\"https:\\\/\\\/sevillazonafranca.com\\\/#\\\/schema\\\/person\\\/efc2cc63448b239287f31e620f97c1ae\",\"name\":\"Zona Franca\",\"image\":{\"@type\":\"ImageObject\",\"inLanguage\":\"es\",\"@id\":\"https:\\\/\\\/secure.gravatar.com\\\/avatar\\\/dba226fbfba1c09d733a2bfcb0880b1a37f4a7f6bcc9c068f02bf44b40da8ac6?s=96&d=mm&r=g\",\"url\":\"https:\\\/\\\/secure.gravatar.com\\\/avatar\\\/dba226fbfba1c09d733a2bfcb0880b1a37f4a7f6bcc9c068f02bf44b40da8ac6?s=96&d=mm&r=g\",\"contentUrl\":\"https:\\\/\\\/secure.gravatar.com\\\/avatar\\\/dba226fbfba1c09d733a2bfcb0880b1a37f4a7f6bcc9c068f02bf44b40da8ac6?s=96&d=mm&r=g\",\"caption\":\"Zona Franca\"},\"sameAs\":[\"http:\\\/\\\/sevillazonafranca.com\"],\"url\":\"https:\\\/\\\/sevillazonafranca.com\\\/index.php\\\/author\\\/comunicacion\\\/\"}]}<\/script>\n<!-- \/ Yoast SEO plugin. -->","yoast_head_json":{"title":"La Zona Franca de Sevilla aborda una mejora integral de sus instalaciones con una inversi\u00f3n de 3,9 millones de euros - Zona Franca Sevilla","robots":{"index":"index","follow":"follow","max-snippet":"max-snippet:-1","max-image-preview":"max-image-preview:large","max-video-preview":"max-video-preview:-1"},"canonical":"https:\/\/sevillazonafranca.com\/index.php\/2026\/03\/10\/la-zona-franca-de-sevilla-aborda-una-mejora-integral-de-sus-instalaciones-con-una-inversion-de-39-millones-de-euros-2\/","og_locale":"es_ES","og_type":"article","og_title":"La Zona Franca de Sevilla aborda una mejora integral de sus instalaciones con una inversi\u00f3n de 3,9 millones de euros - Zona Franca Sevilla","og_description":"La delegada estatal, Carmen Tovar, traslada al subdelegado del Gobierno en Sevilla, Francisco Toscano, el plan de inversiones impulsado por el Ministerio de Hacienda para modernizar el recinto y reforzar el posicionamiento de la Zona Franca como polo de actividad econ\u00f3mica en el sur de Espa\u00f1a","og_url":"https:\/\/sevillazonafranca.com\/index.php\/2026\/03\/10\/la-zona-franca-de-sevilla-aborda-una-mejora-integral-de-sus-instalaciones-con-una-inversion-de-39-millones-de-euros-2\/","og_site_name":"Zona Franca Sevilla","article_published_time":"2026-03-10T11:37:00+00:00","article_modified_time":"2026-03-16T12:11:28+00:00","og_image":[{"width":1200,"height":670,"url":"https:\/\/sevillazonafranca.com\/wp-content\/uploads\/2026\/03\/260309-Obras-ZFS_SubdeGobSEV1ok-ok.jpg","type":"image\/jpeg"}],"author":"Zona Franca","twitter_card":"summary_large_image","twitter_creator":"@SevillaZF","twitter_site":"@SevillaZF","twitter_misc":{"Escrito por":"Zona Franca","Tiempo de lectura":"5 minutos"},"schema":{"@context":"https:\/\/schema.org","@graph":[{"@type":"Article","@id":"https:\/\/sevillazonafranca.com\/index.php\/2026\/03\/10\/la-zona-franca-de-sevilla-aborda-una-mejora-integral-de-sus-instalaciones-con-una-inversion-de-39-millones-de-euros-2\/#article","isPartOf":{"@id":"https:\/\/sevillazonafranca.com\/index.php\/2026\/03\/10\/la-zona-franca-de-sevilla-aborda-una-mejora-integral-de-sus-instalaciones-con-una-inversion-de-39-millones-de-euros-2\/"},"author":{"name":"Zona Franca","@id":"https:\/\/sevillazonafranca.com\/#\/schema\/person\/efc2cc63448b239287f31e620f97c1ae"},"headline":"La Zona Franca de Sevilla aborda una mejora integral de sus instalaciones con una inversi\u00f3n de 3,9 millones de euros","datePublished":"2026-03-10T11:37:00+00:00","dateModified":"2026-03-16T12:11:28+00:00","mainEntityOfPage":{"@id":"https:\/\/sevillazonafranca.com\/index.php\/2026\/03\/10\/la-zona-franca-de-sevilla-aborda-una-mejora-integral-de-sus-instalaciones-con-una-inversion-de-39-millones-de-euros-2\/"},"wordCount":1068,"publisher":{"@id":"https:\/\/sevillazonafranca.com\/#organization"},"image":{"@id":"https:\/\/sevillazonafranca.com\/index.php\/2026\/03\/10\/la-zona-franca-de-sevilla-aborda-una-mejora-integral-de-sus-instalaciones-con-una-inversion-de-39-millones-de-euros-2\/#primaryimage"},"thumbnailUrl":"https:\/\/sevillazonafranca.com\/wp-content\/uploads\/2026\/03\/260309-Obras-ZFS_SubdeGobSEV1ok-ok.jpg","keywords":["alianzas estrat\u00e9gicas","desarrollo empresarial","gobierno de espa\u00f1a","impulso econ\u00f3mico","ministerio de hacienda","zona franca sevilla"],"articleSection":["Actualidad ZFS"],"inLanguage":"es"},{"@type":"WebPage","@id":"https:\/\/sevillazonafranca.com\/index.php\/2026\/03\/10\/la-zona-franca-de-sevilla-aborda-una-mejora-integral-de-sus-instalaciones-con-una-inversion-de-39-millones-de-euros-2\/","url":"https:\/\/sevillazonafranca.com\/index.php\/2026\/03\/10\/la-zona-franca-de-sevilla-aborda-una-mejora-integral-de-sus-instalaciones-con-una-inversion-de-39-millones-de-euros-2\/","name":"La Zona Franca de Sevilla aborda una mejora integral de sus instalaciones con una inversi\u00f3n de 3,9 millones de euros - Zona Franca Sevilla","isPartOf":{"@id":"https:\/\/sevillazonafranca.com\/#website"},"primaryImageOfPage":{"@id":"https:\/\/sevillazonafranca.com\/index.php\/2026\/03\/10\/la-zona-franca-de-sevilla-aborda-una-mejora-integral-de-sus-instalaciones-con-una-inversion-de-39-millones-de-euros-2\/#primaryimage"},"image":{"@id":"https:\/\/sevillazonafranca.com\/index.php\/2026\/03\/10\/la-zona-franca-de-sevilla-aborda-una-mejora-integral-de-sus-instalaciones-con-una-inversion-de-39-millones-de-euros-2\/#primaryimage"},"thumbnailUrl":"https:\/\/sevillazonafranca.com\/wp-content\/uploads\/2026\/03\/260309-Obras-ZFS_SubdeGobSEV1ok-ok.jpg","datePublished":"2026-03-10T11:37:00+00:00","dateModified":"2026-03-16T12:11:28+00:00","breadcrumb":{"@id":"https:\/\/sevillazonafranca.com\/index.php\/2026\/03\/10\/la-zona-franca-de-sevilla-aborda-una-mejora-integral-de-sus-instalaciones-con-una-inversion-de-39-millones-de-euros-2\/#breadcrumb"},"inLanguage":"es","potentialAction":[{"@type":"ReadAction","target":["https:\/\/sevillazonafranca.com\/index.php\/2026\/03\/10\/la-zona-franca-de-sevilla-aborda-una-mejora-integral-de-sus-instalaciones-con-una-inversion-de-39-millones-de-euros-2\/"]}]},{"@type":"ImageObject","inLanguage":"es","@id":"https:\/\/sevillazonafranca.com\/index.php\/2026\/03\/10\/la-zona-franca-de-sevilla-aborda-una-mejora-integral-de-sus-instalaciones-con-una-inversion-de-39-millones-de-euros-2\/#primaryimage","url":"https:\/\/sevillazonafranca.com\/wp-content\/uploads\/2026\/03\/260309-Obras-ZFS_SubdeGobSEV1ok-ok.jpg","contentUrl":"https:\/\/sevillazonafranca.com\/wp-content\/uploads\/2026\/03\/260309-Obras-ZFS_SubdeGobSEV1ok-ok.jpg","width":1200,"height":670},{"@type":"BreadcrumbList","@id":"https:\/\/sevillazonafranca.com\/index.php\/2026\/03\/10\/la-zona-franca-de-sevilla-aborda-una-mejora-integral-de-sus-instalaciones-con-una-inversion-de-39-millones-de-euros-2\/#breadcrumb","itemListElement":[{"@type":"ListItem","position":1,"name":"Portada","item":"https:\/\/sevillazonafranca.com\/"},{"@type":"ListItem","position":2,"name":"La Zona Franca de Sevilla aborda una mejora integral de sus instalaciones con una inversi\u00f3n de 3,9 millones de euros"}]},{"@type":"WebSite","@id":"https:\/\/sevillazonafranca.com\/#website","url":"https:\/\/sevillazonafranca.com\/","name":"Zona Franca Sevilla","description":"Web oficial de la Zona Franca de Sevilla. Impulsamos el desarrollo industrial y econ\u00f3mico de Sevilla y su territorio metropolitano.","publisher":{"@id":"https:\/\/sevillazonafranca.com\/#organization"},"potentialAction":[{"@type":"SearchAction","target":{"@type":"EntryPoint","urlTemplate":"https:\/\/sevillazonafranca.com\/?s={search_term_string}"},"query-input":{"@type":"PropertyValueSpecification","valueRequired":true,"valueName":"search_term_string"}}],"inLanguage":"es"},{"@type":"Organization","@id":"https:\/\/sevillazonafranca.com\/#organization","name":"Zona Franca Sevilla","url":"https:\/\/sevillazonafranca.com\/","logo":{"@type":"ImageObject","inLanguage":"es","@id":"https:\/\/sevillazonafranca.com\/#\/schema\/logo\/image\/","url":"https:\/\/sevillazonafranca.com\/wp-content\/uploads\/2025\/04\/zonafrancasevilla-h-01.png","contentUrl":"https:\/\/sevillazonafranca.com\/wp-content\/uploads\/2025\/04\/zonafrancasevilla-h-01.png","width":1000,"height":239,"caption":"Zona Franca Sevilla"},"image":{"@id":"https:\/\/sevillazonafranca.com\/#\/schema\/logo\/image\/"},"sameAs":["https:\/\/x.com\/SevillaZF","https:\/\/www.instagram.com\/zonafrancasevilla\/","http:\/\/linkedin.com\/company\/zona-franca-sevilla"]},{"@type":"Person","@id":"https:\/\/sevillazonafranca.com\/#\/schema\/person\/efc2cc63448b239287f31e620f97c1ae","name":"Zona Franca","image":{"@type":"ImageObject","inLanguage":"es","@id":"https:\/\/secure.gravatar.com\/avatar\/dba226fbfba1c09d733a2bfcb0880b1a37f4a7f6bcc9c068f02bf44b40da8ac6?s=96&d=mm&r=g","url":"https:\/\/secure.gravatar.com\/avatar\/dba226fbfba1c09d733a2bfcb0880b1a37f4a7f6bcc9c068f02bf44b40da8ac6?s=96&d=mm&r=g","contentUrl":"https:\/\/secure.gravatar.com\/avatar\/dba226fbfba1c09d733a2bfcb0880b1a37f4a7f6bcc9c068f02bf44b40da8ac6?s=96&d=mm&r=g","caption":"Zona Franca"},"sameAs":["http:\/\/sevillazonafranca.com"],"url":"https:\/\/sevillazonafranca.com\/index.php\/author\/comunicacion\/"}]}},"_links":{"self":[{"href":"https:\/\/sevillazonafranca.com\/index.php\/wp-json\/wp\/v2\/posts\/25764","targetHints":{"allow":["GET"]}}],"collection":[{"href":"https:\/\/sevillazonafranca.com\/index.php\/wp-json\/wp\/v2\/posts"}],"about":[{"href":"https:\/\/sevillazonafranca.com\/index.php\/wp-json\/wp\/v2\/types\/post"}],"author":[{"embeddable":true,"href":"https:\/\/sevillazonafranca.com\/index.php\/wp-json\/wp\/v2\/users\/2"}],"replies":[{"embeddable":true,"href":"https:\/\/sevillazonafranca.com\/index.php\/wp-json\/wp\/v2\/comments?post=25764"}],"version-history":[{"count":3,"href":"https:\/\/sevillazonafranca.com\/index.php\/wp-json\/wp\/v2\/posts\/25764\/revisions"}],"predecessor-version":[{"id":25767,"href":"https:\/\/sevillazonafranca.com\/index.php\/wp-json\/wp\/v2\/posts\/25764\/revisions\/25767"}],"wp:featuredmedia":[{"embeddable":true,"href":"https:\/\/sevillazonafranca.com\/index.php\/wp-json\/wp\/v2\/media\/25768"}],"wp:attachment":[{"href":"https:\/\/sevillazonafranca.com\/index.php\/wp-json\/wp\/v2\/media?parent=25764"}],"wp:term":[{"taxonomy":"category","embeddable":true,"href":"https:\/\/sevillazonafranca.com\/index.php\/wp-json\/wp\/v2\/categories?post=25764"},{"taxonomy":"post_tag","embeddable":true,"href":"https:\/\/sevillazonafranca.com\/index.php\/wp-json\/wp\/v2\/tags?post=25764"}],"curies":[{"name":"wp","href":"https:\/\/api.w.org\/{rel}","templated":true}]}}